{"id":204,"date":"2016-11-08T10:47:57","date_gmt":"2016-11-08T09:47:57","guid":{"rendered":"http:\/\/pomme-d-amap.org\/?p=204"},"modified":"2016-11-08T10:47:57","modified_gmt":"2016-11-08T09:47:57","slug":"distribution-du-81116","status":"publish","type":"post","link":"https:\/\/pomme-d-amap.org\/index.php\/2016\/11\/08\/distribution-du-81116\/","title":{"rendered":"Distribution du 8\/11\/16"},"content":{"rendered":"<p>Salut \u00e0 tous,<\/p>\n<div>Bon, d&rsquo;abord, c&rsquo;\u00e9tait une chouette AG, avec des bonnes choses \u00e0 manger et \u00e0 boire, de la sauce tomate en bonus (merci Ga\u00eblle Ca. et Marie, je l&rsquo;ai go\u00fbt\u00e9, \u00e7a d\u00e9chire!), des gens impliqu\u00e9s et de la bonne humeur&#8230;j&rsquo;en profite pour redire au d\u00e9sormais ancien bureau toute ma gratitude et mon plaisir d&rsquo;avoir boss\u00e9 pendant trois ans avec vous et au nouveau toute la joie que m&rsquo;inspire notre nouvelle collaboration. Alors Ga\u00eblle, Marie, Ga\u00ebl, Chantal, Beno\u00eet, Myriam, Pierre et Benjamin, p\u00e8le-m\u00eale et sans distinction, je vous aime.<\/div>\n<div>Moussa est de retour depuis ce matin pour son \u00a0stage de pr\u00e9-couveuse. Dans le froid, la pluie et la neige fondue, nous avons r\u00e9colt\u00e9 des navets, rang\u00e9 la parcelle, mis le r\u00e9seau d&rsquo;irrigation ext\u00e9rieur hors gel et mis des voiles thermiques sur les cultures sensibles encore au champ. J&rsquo;en profite pour vous confirmer ma pr\u00e9sence le <b>vendredi 11 novembre<\/b>, plut\u00f4t que le 12 qui est annonc\u00e9 pluvieux, pour rentrer un maximum de racines dans les chambres froides. Je sais que le temps actuel ne donne pas forc\u00e9ment envie de passer la journ\u00e9e en plein air, mais comme \u00e9voqu\u00e9 lors de l&rsquo;AG, plus on sera nombreux, plus les l\u00e9gumes seront mis en s\u00e9curit\u00e9 rapidement pour l&rsquo;hiver. Pour ceux qui ne peuvent pas, le <b>samedi 19<\/b> est toujours pr\u00e9vu en rattrapage!<\/div>\n<div>Voici votre \u00e0 peu pr\u00e8s panier de ce soir :<\/div>\n<div><\/div>\n<div>&#8211; Carottes 1,2 \u00e0 1,5 kg \/ 600 \u00e0 750 g<\/div>\n<div>&#8211; Navets 800 g \/ 400 g<\/div>\n<div>&#8211; Poireaux 4\/2<\/div>\n<div>&#8211; Courges 2 kg \/ 1 kg environ<\/div>\n<div>&#8211; Choux (brocoli ou chinois ou kale, selon r\u00e9colte)<\/div>\n<div>&#8211; Mesclun (quantit\u00e9 selon r\u00e9colte)<\/div>\n<div>&#8211; Haricots 1 kg \/ 500 g<\/div>\n<div>&#8211; C\u00e9leri branche (selon r\u00e9colte)<\/div>\n<div><\/div>\n<div>Bonne journ\u00e9e et \u00e0 ce soir !<\/div>\n<div><\/div>\n<div>Marc<\/div>\n","protected":false},"excerpt":{"rendered":"<p>Salut \u00e0 tous, Bon, d&rsquo;abord, c&rsquo;\u00e9tait une chouette AG, avec des bonnes choses \u00e0 manger et \u00e0 boire, de la sauce tomate en bonus (merci Ga\u00eblle Ca. et Marie, je l&rsquo;ai go\u00fbt\u00e9, \u00e7a d\u00e9chire!), des gens impliqu\u00e9s et de la bonne humeur&#8230;j&rsquo;en profite pour redire au d\u00e9sormais ancien bureau toute ma gratitude et mon plaisir &hellip; <a href=\"https:\/\/pomme-d-amap.org\/index.php\/2016\/11\/08\/distribution-du-81116\/\" class=\"more-link\">Continuer la lecture de <span class=\"screen-reader-text\">Distribution du 8\/11\/16<\/span>  <span class=\"meta-nav\">&rarr;<\/span><\/a><\/p>\n","protected":false},"author":1,"featured_media":0,"comment_status":"open","ping_status":"open","sticky":false,"template":"","format":"standard","meta":{"footnotes":""},"categories":[11],"tags":[38,7],"class_list":["post-204","post","type-post","status-publish","format-standard","hentry","category-distributions","tag-legumes-bio","tag-panier"],"_links":{"self":[{"href":"https:\/\/pomme-d-amap.org\/index.php\/wp-json\/wp\/v2\/posts\/204","targetHints":{"allow":["GET"]}}],"collection":[{"href":"https:\/\/pomme-d-amap.org\/index.php\/wp-json\/wp\/v2\/posts"}],"about":[{"href":"https:\/\/pomme-d-amap.org\/index.php\/wp-json\/wp\/v2\/types\/post"}],"author":[{"embeddable":true,"href":"https:\/\/pomme-d-amap.org\/index.php\/wp-json\/wp\/v2\/users\/1"}],"replies":[{"embeddable":true,"href":"https:\/\/pomme-d-amap.org\/index.php\/wp-json\/wp\/v2\/comments?post=204"}],"version-history":[{"count":1,"href":"https:\/\/pomme-d-amap.org\/index.php\/wp-json\/wp\/v2\/posts\/204\/revisions"}],"predecessor-version":[{"id":205,"href":"https:\/\/pomme-d-amap.org\/index.php\/wp-json\/wp\/v2\/posts\/204\/revisions\/205"}],"wp:attachment":[{"href":"https:\/\/pomme-d-amap.org\/index.php\/wp-json\/wp\/v2\/media?parent=204"}],"wp:term":[{"taxonomy":"category","embeddable":true,"href":"https:\/\/pomme-d-amap.org\/index.php\/wp-json\/wp\/v2\/categories?post=204"},{"taxonomy":"post_tag","embeddable":true,"href":"https:\/\/pomme-d-amap.org\/index.php\/wp-json\/wp\/v2\/tags?post=204"}],"curies":[{"name":"wp","href":"https:\/\/api.w.org\/{rel}","templated":true}]}}