{"id":327,"date":"2017-01-09T10:27:52","date_gmt":"2017-01-09T09:27:52","guid":{"rendered":"http:\/\/pomme-d-amap.org\/?p=327"},"modified":"2017-01-09T10:27:52","modified_gmt":"2017-01-09T09:27:52","slug":"distribution-du-090117","status":"publish","type":"post","link":"https:\/\/pomme-d-amap.org\/index.php\/2017\/01\/09\/distribution-du-090117\/","title":{"rendered":"Distribution du 09\/01\/17"},"content":{"rendered":"<p>Salut \u00e0 tous,<\/p>\n<div>Bon, j&rsquo;en remets une couche apr\u00e8s les multiples messages de ce week-end, la distribution a donc lieu <b>ce soir \u00e0 la salle Voltaire! <\/b>Tous un peu pris de cours, pas vraiment eu le temps de pr\u00e9parer ni penser au panier, mais a priori, je l&rsquo;ai \u00e0 peu pr\u00e8s en t\u00eate! La semaine de reprise a \u00e9t\u00e9 une vraie semaine de reprise, avec un rythme assez lent et une mont\u00e9e en puissance tout au long de la semaine, avec, en plus de la pr\u00e9paration des paniers et des r\u00e9coltes, le montage de certains outils et la pr\u00e9paration des planches pour les plantations de cette semaine. Je pense qu&rsquo;on va doucement acc\u00e9l\u00e9rer (j&rsquo;aime bien ce genre de phrases&#8230;) m\u00eame s&rsquo;il est urgent d&rsquo;\u00e9viter l&#8217;emballement \u00e0 cette p\u00e9riode de l&rsquo;ann\u00e9e, \u00e7a viendra vite!<\/div>\n<div>Derni\u00e8re chose: Je ram\u00e8ne ce soir un ensemble de ch\u00e8ques non sign\u00e9s entraper\u00e7us au fil du pointage, tenez-vous pr\u00eats avec vos stylos (je ne d\u00e9noncerai personne&#8230;!).<\/div>\n<div>Voici votre probable panier:<\/div>\n<div><\/div>\n<div>&#8211; Carottes 1,2 kg \/ 600 g<\/div>\n<div>&#8211; Navets 800 g \/ 400 g<\/div>\n<div>&#8211; Courge 2 kg \/ 1 kg<\/div>\n<div>&#8211; Oignons 400 g \/ 200 g<\/div>\n<div>&#8211; C\u00e9leri rave 1 \/ 1\/2<\/div>\n<div>&#8211; Poireaux 4\/2<\/div>\n<div>&#8211; Chicor\u00e9e Pain de sucre 1 \/ 1\/2 (c&rsquo;est aussi bon que l&rsquo;endive, pour ceux qui ne connaissent pas&#8230;)<\/div>\n<div><\/div>\n<div>Allez, bonne journ\u00e9e \u00e0 tous et \u00e0 ce soir!<\/div>\n<div><\/div>\n<div>Marc<\/div>\n","protected":false},"excerpt":{"rendered":"<p>Salut \u00e0 tous, Bon, j&rsquo;en remets une couche apr\u00e8s les multiples messages de ce week-end, la distribution a donc lieu ce soir \u00e0 la salle Voltaire! Tous un peu pris de cours, pas vraiment eu le temps de pr\u00e9parer ni penser au panier, mais a priori, je l&rsquo;ai \u00e0 peu pr\u00e8s en t\u00eate! La semaine &hellip; <a href=\"https:\/\/pomme-d-amap.org\/index.php\/2017\/01\/09\/distribution-du-090117\/\" class=\"more-link\">Continuer la lecture de <span class=\"screen-reader-text\">Distribution du 09\/01\/17<\/span>  <span class=\"meta-nav\">&rarr;<\/span><\/a><\/p>\n","protected":false},"author":1,"featured_media":0,"comment_status":"closed","ping_status":"closed","sticky":false,"template":"","format":"standard","meta":{"footnotes":""},"categories":[11],"tags":[],"class_list":["post-327","post","type-post","status-publish","format-standard","hentry","category-distributions"],"_links":{"self":[{"href":"https:\/\/pomme-d-amap.org\/index.php\/wp-json\/wp\/v2\/posts\/327","targetHints":{"allow":["GET"]}}],"collection":[{"href":"https:\/\/pomme-d-amap.org\/index.php\/wp-json\/wp\/v2\/posts"}],"about":[{"href":"https:\/\/pomme-d-amap.org\/index.php\/wp-json\/wp\/v2\/types\/post"}],"author":[{"embeddable":true,"href":"https:\/\/pomme-d-amap.org\/index.php\/wp-json\/wp\/v2\/users\/1"}],"replies":[{"embeddable":true,"href":"https:\/\/pomme-d-amap.org\/index.php\/wp-json\/wp\/v2\/comments?post=327"}],"version-history":[{"count":1,"href":"https:\/\/pomme-d-amap.org\/index.php\/wp-json\/wp\/v2\/posts\/327\/revisions"}],"predecessor-version":[{"id":328,"href":"https:\/\/pomme-d-amap.org\/index.php\/wp-json\/wp\/v2\/posts\/327\/revisions\/328"}],"wp:attachment":[{"href":"https:\/\/pomme-d-amap.org\/index.php\/wp-json\/wp\/v2\/media?parent=327"}],"wp:term":[{"taxonomy":"category","embeddable":true,"href":"https:\/\/pomme-d-amap.org\/index.php\/wp-json\/wp\/v2\/categories?post=327"},{"taxonomy":"post_tag","embeddable":true,"href":"https:\/\/pomme-d-amap.org\/index.php\/wp-json\/wp\/v2\/tags?post=327"}],"curies":[{"name":"wp","href":"https:\/\/api.w.org\/{rel}","templated":true}]}}