{"id":355,"date":"2017-02-21T11:21:30","date_gmt":"2017-02-21T10:21:30","guid":{"rendered":"http:\/\/pomme-d-amap.org\/?p=355"},"modified":"2017-02-21T11:21:30","modified_gmt":"2017-02-21T10:21:30","slug":"distribution-du-210217","status":"publish","type":"post","link":"https:\/\/pomme-d-amap.org\/index.php\/2017\/02\/21\/distribution-du-210217\/","title":{"rendered":"Distribution du 21\/02\/17"},"content":{"rendered":"<p>Salut \u00e0 tous,<\/p>\n<div>Me voil\u00e0 de retour apr\u00e8s une pause montagnarde ensoleill\u00e9e et r\u00e9g\u00e9n\u00e9ratrice. Bon, en revanche, j&rsquo;ai laiss\u00e9 le soleil l\u00e0-bas, d\u00e9sol\u00e9&#8230; J&rsquo;esp\u00e8re que la distribution de la semaine derni\u00e8re s&rsquo;est bien pass\u00e9e, je reprends d\u00e9sormais les rennes jusqu&rsquo;au mois d&rsquo;ao\u00fbt. Avant mon d\u00e9part, nous avons plant\u00e9 deux planches de pommes de terre en serres et Moussa a pendant mon absence sem\u00e9 des pois gourmands et plant\u00e9 navets, laitues et \u00e9pinards.<\/div>\n<div>Nous rentrons dans une p\u00e9riode tr\u00e8s compliqu\u00e9e et les paniers seront un peu plus r\u00e9duits dans les temps \u00e0 venir. Nous subissons malheureusement le contrecoup du printemps 2016 catastrophique, les stocks de racines fondant comme neige au soleil\u00a0. Mis \u00e0 part les carottes et les c\u00e9leris, l&rsquo;\u00e9tat du sol et les conditions de semis ou de pousse ont affect\u00e9 les l\u00e9gumes dans leur rendement ou leur taille. Les pommes de terre, je n&rsquo;y reviens pas. Les betteraves sont rest\u00e9es \u00e0 l&rsquo;\u00e9tat de billes et \u00e0 part une planche que nous allons tenter d&rsquo;exploiter la semaine prochaine, l\u2019int\u00e9r\u00eat pour les autres est de les laisser en terre pour qu&rsquo;elles reprennent \u00e9ventuellement au printemps. On a du avoir \u00e0 peu pr\u00e8s le m\u00eame nombre de courges mais leur taille a \u00e9t\u00e9 en moyenne divis\u00e9e par deux par rapport \u00e0 2015, ce qui fait qu&rsquo;on arrive d\u00e9j\u00e0 au bout fin f\u00e9vrier. La taille et la conservation des oignons sont moins importantes et surtout, je vous en ai mis beaucoup plus que pr\u00e9vu pour pallier aux manques des autres l\u00e9gumes. Les navets se terminent et les radis raves sont rest\u00e9s globalement petit et il n&rsquo;en reste plus beaucoup. La pousse a repris dans les serres apr\u00e8s la p\u00e9riode tr\u00e8s froide, esp\u00e9rons que le printemps soit cl\u00e9ment. Quoi qu&rsquo;il en soit et m\u00eame si toutes les ann\u00e9es ne ressembleront pas aux deux pr\u00e9c\u00e9dentes, le travail du sol et l&rsquo;apport de compost de ces deux derni\u00e8res ann\u00e9es commen\u00e7ant \u00e0 faire son effet &#8211; nous l&rsquo;observons de mani\u00e8re tr\u00e8s nette dans les serres &#8211; je vais engager une r\u00e9flexion avec les membres du bureau sur de nouvelles modalit\u00e9s contractuelles en 2018, permettant plus de souplesse dans la gestion des distributions, afin d&rsquo;\u00e9viter d&rsquo;une part un trop grand stress dans la pr\u00e9paration des paniers en ce qui me concerne et d&rsquo;autre part une activation syst\u00e9matique de la \u00ab\u00a0solidarit\u00e9 amapienne\u00a0\u00bb en ce qui vous concerne. Nous revenons vers vous rapidement sur ce sujet. En attendant, merci encore pour votre compr\u00e9hension.<\/div>\n<div><\/div>\n<div>Voici votre panier du jour:<\/div>\n<div><\/div>\n<div>&#8211; Carottes 1,2 kg \/ 600 g<\/div>\n<div>&#8211; Chou kale (grands paniers ) 700 g environ \/ Chou de pontoise (petit panier) 1 petit<\/div>\n<div>&#8211; Oignons jaunes 400 g \/ 200 g<\/div>\n<div>&#8211; Poireaux 4 \/ 2<\/div>\n<div>&#8211; M\u00e2che ( quantit\u00e9 selon r\u00e9colte)<\/div>\n<div><\/div>\n<div>Voil\u00e0, passez une bonne journ\u00e9e et \u00e0 ce soir!<\/div>\n<div><\/div>\n<div>Marc<\/div>\n","protected":false},"excerpt":{"rendered":"<p>Salut \u00e0 tous, Me voil\u00e0 de retour apr\u00e8s une pause montagnarde ensoleill\u00e9e et r\u00e9g\u00e9n\u00e9ratrice. Bon, en revanche, j&rsquo;ai laiss\u00e9 le soleil l\u00e0-bas, d\u00e9sol\u00e9&#8230; J&rsquo;esp\u00e8re que la distribution de la semaine derni\u00e8re s&rsquo;est bien pass\u00e9e, je reprends d\u00e9sormais les rennes jusqu&rsquo;au mois d&rsquo;ao\u00fbt. Avant mon d\u00e9part, nous avons plant\u00e9 deux planches de pommes de terre en &hellip; <a href=\"https:\/\/pomme-d-amap.org\/index.php\/2017\/02\/21\/distribution-du-210217\/\" class=\"more-link\">Continuer la lecture de <span class=\"screen-reader-text\">Distribution du 21\/02\/17<\/span>  <span class=\"meta-nav\">&rarr;<\/span><\/a><\/p>\n","protected":false},"author":1,"featured_media":0,"comment_status":"closed","ping_status":"closed","sticky":false,"template":"","format":"standard","meta":{"footnotes":""},"categories":[11],"tags":[],"class_list":["post-355","post","type-post","status-publish","format-standard","hentry","category-distributions"],"_links":{"self":[{"href":"https:\/\/pomme-d-amap.org\/index.php\/wp-json\/wp\/v2\/posts\/355","targetHints":{"allow":["GET"]}}],"collection":[{"href":"https:\/\/pomme-d-amap.org\/index.php\/wp-json\/wp\/v2\/posts"}],"about":[{"href":"https:\/\/pomme-d-amap.org\/index.php\/wp-json\/wp\/v2\/types\/post"}],"author":[{"embeddable":true,"href":"https:\/\/pomme-d-amap.org\/index.php\/wp-json\/wp\/v2\/users\/1"}],"replies":[{"embeddable":true,"href":"https:\/\/pomme-d-amap.org\/index.php\/wp-json\/wp\/v2\/comments?post=355"}],"version-history":[{"count":1,"href":"https:\/\/pomme-d-amap.org\/index.php\/wp-json\/wp\/v2\/posts\/355\/revisions"}],"predecessor-version":[{"id":356,"href":"https:\/\/pomme-d-amap.org\/index.php\/wp-json\/wp\/v2\/posts\/355\/revisions\/356"}],"wp:attachment":[{"href":"https:\/\/pomme-d-amap.org\/index.php\/wp-json\/wp\/v2\/media?parent=355"}],"wp:term":[{"taxonomy":"category","embeddable":true,"href":"https:\/\/pomme-d-amap.org\/index.php\/wp-json\/wp\/v2\/categories?post=355"},{"taxonomy":"post_tag","embeddable":true,"href":"https:\/\/pomme-d-amap.org\/index.php\/wp-json\/wp\/v2\/tags?post=355"}],"curies":[{"name":"wp","href":"https:\/\/api.w.org\/{rel}","templated":true}]}}