{"id":383,"date":"2017-03-21T11:24:25","date_gmt":"2017-03-21T10:24:25","guid":{"rendered":"http:\/\/pomme-d-amap.org\/?p=383"},"modified":"2017-03-21T11:24:25","modified_gmt":"2017-03-21T10:24:25","slug":"distribution-du-21032017","status":"publish","type":"post","link":"https:\/\/pomme-d-amap.org\/index.php\/2017\/03\/21\/distribution-du-21032017\/","title":{"rendered":"Distribution du 21\/03\/2017"},"content":{"rendered":"<p>Salut \u00e0 tous,<\/p>\n<div>Un dernier petit rappel, d&rsquo;abord : nous nous retrouvons pour \u00e9changer sur l&rsquo;\u00e9tat des stocks et faire un point \u00e9tape de la saison entre 20h et 20h30 \/ 45 lors de la distribution qui commencera 15 mn plus t\u00f4t. La distribution continuera pour tous ceux qui ne peuvent pas \u00eatre l\u00e0 avant, pas de souci!<\/div>\n<div>A St Augustin, l&rsquo;am\u00e9lioration des conditions climatiques a permis aux choses s\u00e9rieuses de commencer : nous avons tout d&rsquo;abord fait appel \u00e0 la personne qui avait creus\u00e9 notre r\u00e9seau d&rsquo;irrigation pour faire une tranch\u00e9e tout autour de la parcelle afin d&rsquo;\u00e9vacuer les surplus d&rsquo;eau stagnante, les travaux de drainage effectu\u00e9s par le propri\u00e9taire des terres \u00e9tant repouss\u00e9s pour une question de manque de moyens humains&#8230; En attendant certaines zones sont difficilement cultivables en l&rsquo;\u00e9tat et nous esp\u00e9rons que cette tranch\u00e9e permettant un drainage \u00ab\u00a0naturel\u00a0\u00bb nous aide. Les effets sont d&rsquo;ailleurs d\u00e9j\u00e0 notoires.<\/div>\n<div>Sur le front des cultures, nous avons beaucoup avanc\u00e9 sur le travail du sol et d\u00e9j\u00e0 r\u00e9alis\u00e9 l&rsquo;ensemble des semis directs de printemps &#8211; carottes, navets, \u00e9pinards, radis roses, radis da\u00efkon \u00a0&#8211; et plant\u00e9 l&rsquo;ensemble des \u00e9chalotes. Nous continuons \u00e0 entretenir la serre &#8211; \u00e7a pousse! &#8211; et pr\u00e9parons les terrains pour les plantations ext\u00e9rieures \u00e0 venir. Bref, c&rsquo;est reparti pour une saison !<\/div>\n<div>Voici votre panier :<\/div>\n<div><\/div>\n<div>&#8211; Pommes de terre 1,5 kg \/ 750 g<\/div>\n<div>&#8211; Panais 800 g \/ 400 g<\/div>\n<div>&#8211; Choux kale (\u00e0 peser)<\/div>\n<div>&#8211; Petits radis blancs (quantit\u00e9 selon r\u00e9colte)<\/div>\n<div>&#8211; M\u00e2che ( quantit\u00e9 selon r\u00e9colte)<\/div>\n<div><\/div>\n<div>Voil\u00e0, bonne journ\u00e9e et \u00e0 ce soir !<\/div>\n<div><\/div>\n<div>Marc<\/div>\n","protected":false},"excerpt":{"rendered":"<p>Salut \u00e0 tous, Un dernier petit rappel, d&rsquo;abord : nous nous retrouvons pour \u00e9changer sur l&rsquo;\u00e9tat des stocks et faire un point \u00e9tape de la saison entre 20h et 20h30 \/ 45 lors de la distribution qui commencera 15 mn plus t\u00f4t. La distribution continuera pour tous ceux qui ne peuvent pas \u00eatre l\u00e0 avant, &hellip; <a href=\"https:\/\/pomme-d-amap.org\/index.php\/2017\/03\/21\/distribution-du-21032017\/\" class=\"more-link\">Continuer la lecture de <span class=\"screen-reader-text\">Distribution du 21\/03\/2017<\/span>  <span class=\"meta-nav\">&rarr;<\/span><\/a><\/p>\n","protected":false},"author":1,"featured_media":0,"comment_status":"closed","ping_status":"closed","sticky":false,"template":"","format":"standard","meta":{"footnotes":""},"categories":[11],"tags":[],"class_list":["post-383","post","type-post","status-publish","format-standard","hentry","category-distributions"],"_links":{"self":[{"href":"https:\/\/pomme-d-amap.org\/index.php\/wp-json\/wp\/v2\/posts\/383","targetHints":{"allow":["GET"]}}],"collection":[{"href":"https:\/\/pomme-d-amap.org\/index.php\/wp-json\/wp\/v2\/posts"}],"about":[{"href":"https:\/\/pomme-d-amap.org\/index.php\/wp-json\/wp\/v2\/types\/post"}],"author":[{"embeddable":true,"href":"https:\/\/pomme-d-amap.org\/index.php\/wp-json\/wp\/v2\/users\/1"}],"replies":[{"embeddable":true,"href":"https:\/\/pomme-d-amap.org\/index.php\/wp-json\/wp\/v2\/comments?post=383"}],"version-history":[{"count":1,"href":"https:\/\/pomme-d-amap.org\/index.php\/wp-json\/wp\/v2\/posts\/383\/revisions"}],"predecessor-version":[{"id":384,"href":"https:\/\/pomme-d-amap.org\/index.php\/wp-json\/wp\/v2\/posts\/383\/revisions\/384"}],"wp:attachment":[{"href":"https:\/\/pomme-d-amap.org\/index.php\/wp-json\/wp\/v2\/media?parent=383"}],"wp:term":[{"taxonomy":"category","embeddable":true,"href":"https:\/\/pomme-d-amap.org\/index.php\/wp-json\/wp\/v2\/categories?post=383"},{"taxonomy":"post_tag","embeddable":true,"href":"https:\/\/pomme-d-amap.org\/index.php\/wp-json\/wp\/v2\/tags?post=383"}],"curies":[{"name":"wp","href":"https:\/\/api.w.org\/{rel}","templated":true}]}}