{"id":388,"date":"2017-03-28T08:24:34","date_gmt":"2017-03-28T07:24:34","guid":{"rendered":"http:\/\/pomme-d-amap.org\/?p=388"},"modified":"2017-03-28T08:24:57","modified_gmt":"2017-03-28T07:24:57","slug":"distribution-28032017","status":"publish","type":"post","link":"https:\/\/pomme-d-amap.org\/index.php\/2017\/03\/28\/distribution-28032017\/","title":{"rendered":"Distribution 28\/03\/2017"},"content":{"rendered":"<p>Salut \u00e0 tous&#8230;<\/p>\n<div>&#8230;en ce temps printanier qui nous accompagne ! On va se manger un m\u00e9chant retour de b\u00e2ton, vous allez voir&#8230;Allez, la pluie et la baisse des temp\u00e9ratures est pr\u00e9vue pour la fin de la semaine, tout va redevenir normal ! En attendant, les feuilles ont d\u00e9cid\u00e9 d&rsquo;exploser dans la serre &#8211; Je suis oblig\u00e9 de vous mettre la derni\u00e8re s\u00e9rie de m\u00e2che cette semaine alors que j&rsquo;aurais pr\u00e9f\u00e9r\u00e9 attendre une semaine puisque vous en avez eu la semaine derni\u00e8re, mais vous l&rsquo;auriez eu \u00e0 l&rsquo;\u00e9tat de fleur : le pourpier commence lui aussi \u00e0 monter \u00e0 graine, les laitues grandissent \u00e0 vue d\u2019\u0153il, bref, j&rsquo;ai beau conna\u00eetre le jeu des saisons, \u00e7a me laisse syst\u00e9matiquement perplexe&#8230;<\/div>\n<div>Dehors, nous avons consid\u00e9rablement avanc\u00e9 le travail du sol, plant\u00e9 l&rsquo;ensemble des \u00e9chalotes et mis en place les b\u00e2ches pour la plantation des f\u00e8ves. Les quelques planches de pommes de terre primeurs que nous faisons \u00e0 St Augustin sont pr\u00eates et demain, je passe la journ\u00e9e \u00e0 Toussacq car c&rsquo;est la grande journ\u00e9e plantation des pommes de terre de conservation. On est largement dans les temps, voire en avance, mais ce qui est fait n&rsquo;est plus \u00e0 faire, et je n&rsquo;oublie pas que nous sommes \u00e0 deux semaines de la plantation des oignons&#8230;et des tomates !<\/div>\n<div>Voici votre panier:<\/div>\n<div><\/div>\n<div>&#8211; Carottes 1,2 kg \/ 600 g<\/div>\n<div>&#8211; Betteraves environ 700 g \/ 350 g<\/div>\n<div>&#8211; M\u00e2che (\u00e0 peser)<\/div>\n<div>&#8211; Epinards (quantit\u00e9 selon r\u00e9colte)<\/div>\n<div>&#8211; Poireaux 4\/2<\/div>\n<div><\/div>\n<div>Bonne journ\u00e9e et \u00e0 ce soir!<\/div>\n<div><\/div>\n<div>Marc<\/div>\n","protected":false},"excerpt":{"rendered":"<p>Salut \u00e0 tous&#8230; &#8230;en ce temps printanier qui nous accompagne ! On va se manger un m\u00e9chant retour de b\u00e2ton, vous allez voir&#8230;Allez, la pluie et la baisse des temp\u00e9ratures est pr\u00e9vue pour la fin de la semaine, tout va redevenir normal ! En attendant, les feuilles ont d\u00e9cid\u00e9 d&rsquo;exploser dans la serre &#8211; Je &hellip; <a href=\"https:\/\/pomme-d-amap.org\/index.php\/2017\/03\/28\/distribution-28032017\/\" class=\"more-link\">Continuer la lecture de <span class=\"screen-reader-text\">Distribution 28\/03\/2017<\/span>  <span class=\"meta-nav\">&rarr;<\/span><\/a><\/p>\n","protected":false},"author":1,"featured_media":0,"comment_status":"closed","ping_status":"closed","sticky":false,"template":"","format":"standard","meta":{"footnotes":""},"categories":[11],"tags":[],"class_list":["post-388","post","type-post","status-publish","format-standard","hentry","category-distributions"],"_links":{"self":[{"href":"https:\/\/pomme-d-amap.org\/index.php\/wp-json\/wp\/v2\/posts\/388","targetHints":{"allow":["GET"]}}],"collection":[{"href":"https:\/\/pomme-d-amap.org\/index.php\/wp-json\/wp\/v2\/posts"}],"about":[{"href":"https:\/\/pomme-d-amap.org\/index.php\/wp-json\/wp\/v2\/types\/post"}],"author":[{"embeddable":true,"href":"https:\/\/pomme-d-amap.org\/index.php\/wp-json\/wp\/v2\/users\/1"}],"replies":[{"embeddable":true,"href":"https:\/\/pomme-d-amap.org\/index.php\/wp-json\/wp\/v2\/comments?post=388"}],"version-history":[{"count":2,"href":"https:\/\/pomme-d-amap.org\/index.php\/wp-json\/wp\/v2\/posts\/388\/revisions"}],"predecessor-version":[{"id":390,"href":"https:\/\/pomme-d-amap.org\/index.php\/wp-json\/wp\/v2\/posts\/388\/revisions\/390"}],"wp:attachment":[{"href":"https:\/\/pomme-d-amap.org\/index.php\/wp-json\/wp\/v2\/media?parent=388"}],"wp:term":[{"taxonomy":"category","embeddable":true,"href":"https:\/\/pomme-d-amap.org\/index.php\/wp-json\/wp\/v2\/categories?post=388"},{"taxonomy":"post_tag","embeddable":true,"href":"https:\/\/pomme-d-amap.org\/index.php\/wp-json\/wp\/v2\/tags?post=388"}],"curies":[{"name":"wp","href":"https:\/\/api.w.org\/{rel}","templated":true}]}}