{"id":392,"date":"2017-04-11T11:11:58","date_gmt":"2017-04-11T10:11:58","guid":{"rendered":"http:\/\/pomme-d-amap.org\/?p=392"},"modified":"2017-04-11T11:11:58","modified_gmt":"2017-04-11T10:11:58","slug":"distribution-du-110417","status":"publish","type":"post","link":"https:\/\/pomme-d-amap.org\/index.php\/2017\/04\/11\/distribution-du-110417\/","title":{"rendered":"Distribution du 11\/04\/17"},"content":{"rendered":"<p>Salut \u00e0 tous,<\/p>\n<div>Bon, \u00e0 part les variations de temp\u00e9ratures qui font mal \u00e0 la t\u00eate, tout roule \u00e0 St Augustin! On avance sur tous les fronts: Arrachage des poireaux (tout est au frigo car on arrive pile-poil au moment o\u00f9 ils peuvent monter \u00e0 graines d&rsquo;un coup si on les laisse aux champs&#8230;), pr\u00e9paration du sol, \u00e9pandage du compost, plantations (choux cabus, rouge, fin des f\u00e8ves&#8230;), semis (thym, \u00e9pinards..) et, d\u00e9j\u00e0, d\u00e9sherbage, car \u00e7a pousse&#8230;Bon, peut-\u00eatre que la fra\u00eecheur de la semaine va calmer un peu le jeu.<\/div>\n<div>Comme je vous le laissai entendre, j&rsquo;accueillerai ceux qui le veulent samedi pour une petite s\u00e9ance d&rsquo;\u00e9chauffement. Vu que les tomates et les oignons arrivent cette semaine, ainsi qu&rsquo;une bonne s\u00e9rie de choux primeurs, disons qu&rsquo;il y a du boulot! Tenez-moi au courant de votre venue&#8230;<\/div>\n<div>Voici votre panier du jour:<\/div>\n<div><\/div>\n<div>&#8211; Panais 800 g \/ 400 g<\/div>\n<div>&#8211; Poireaux 1 kg \/ 500 g<\/div>\n<div>&#8211; Laitues 2 \/ 1<\/div>\n<div>&#8211; Navets primeurs (\u00e0 la botte ou \u00e0 la pi\u00e8ce selon r\u00e9colte)<\/div>\n<div>&#8211; Radis roses (quantit\u00e9 selon r\u00e9colte)<\/div>\n<div>&#8211; Blettes (quantit\u00e9 selon r\u00e9colte)<\/div>\n<div><\/div>\n<div>Voil\u00e0, bonne journ\u00e9e et \u00e0 ce soir!<\/div>\n<div><\/div>\n<div>Marc<\/div>\n","protected":false},"excerpt":{"rendered":"<p>Salut \u00e0 tous, Bon, \u00e0 part les variations de temp\u00e9ratures qui font mal \u00e0 la t\u00eate, tout roule \u00e0 St Augustin! On avance sur tous les fronts: Arrachage des poireaux (tout est au frigo car on arrive pile-poil au moment o\u00f9 ils peuvent monter \u00e0 graines d&rsquo;un coup si on les laisse aux champs&#8230;), pr\u00e9paration &hellip; <a href=\"https:\/\/pomme-d-amap.org\/index.php\/2017\/04\/11\/distribution-du-110417\/\" class=\"more-link\">Continuer la lecture de <span class=\"screen-reader-text\">Distribution du 11\/04\/17<\/span>  <span class=\"meta-nav\">&rarr;<\/span><\/a><\/p>\n","protected":false},"author":1,"featured_media":0,"comment_status":"closed","ping_status":"closed","sticky":false,"template":"","format":"standard","meta":{"footnotes":""},"categories":[11],"tags":[],"class_list":["post-392","post","type-post","status-publish","format-standard","hentry","category-distributions"],"_links":{"self":[{"href":"https:\/\/pomme-d-amap.org\/index.php\/wp-json\/wp\/v2\/posts\/392","targetHints":{"allow":["GET"]}}],"collection":[{"href":"https:\/\/pomme-d-amap.org\/index.php\/wp-json\/wp\/v2\/posts"}],"about":[{"href":"https:\/\/pomme-d-amap.org\/index.php\/wp-json\/wp\/v2\/types\/post"}],"author":[{"embeddable":true,"href":"https:\/\/pomme-d-amap.org\/index.php\/wp-json\/wp\/v2\/users\/1"}],"replies":[{"embeddable":true,"href":"https:\/\/pomme-d-amap.org\/index.php\/wp-json\/wp\/v2\/comments?post=392"}],"version-history":[{"count":1,"href":"https:\/\/pomme-d-amap.org\/index.php\/wp-json\/wp\/v2\/posts\/392\/revisions"}],"predecessor-version":[{"id":393,"href":"https:\/\/pomme-d-amap.org\/index.php\/wp-json\/wp\/v2\/posts\/392\/revisions\/393"}],"wp:attachment":[{"href":"https:\/\/pomme-d-amap.org\/index.php\/wp-json\/wp\/v2\/media?parent=392"}],"wp:term":[{"taxonomy":"category","embeddable":true,"href":"https:\/\/pomme-d-amap.org\/index.php\/wp-json\/wp\/v2\/categories?post=392"},{"taxonomy":"post_tag","embeddable":true,"href":"https:\/\/pomme-d-amap.org\/index.php\/wp-json\/wp\/v2\/tags?post=392"}],"curies":[{"name":"wp","href":"https:\/\/api.w.org\/{rel}","templated":true}]}}