{"id":402,"date":"2017-04-15T23:51:12","date_gmt":"2017-04-15T22:51:12","guid":{"rendered":"http:\/\/pomme-d-amap.org\/?p=402"},"modified":"2018-09-20T21:00:28","modified_gmt":"2018-09-20T20:00:28","slug":"premier-chantier-de-printemps-a-saint-augustin","status":"publish","type":"post","link":"https:\/\/pomme-d-amap.org\/index.php\/2017\/04\/15\/premier-chantier-de-printemps-a-saint-augustin\/","title":{"rendered":"Premier chantier de printemps \u00e0 Saint-Augustin"},"content":{"rendered":"<p>Samedi 15 avril 2017, c&rsquo;est le premier chantier de printemps \u00e0 Saint-Augustin, m\u00eame si la m\u00e9t\u00e9o est un peu grisonnante.<\/p>\n<p>8 amapiens ont rejoint Marc et S\u00e9verine pour r\u00e9aliser quelques travaux vari\u00e9s, sous la serre et dans les champs. Au programme, d\u00e9sherbage des plants de pommes de terres et de carottes (pour une r\u00e9colte pr\u00e9vue entre mai et juin), plantation de semis d&rsquo;oignons et r\u00e9coltes de carottes primeurs (prochainement dans nos paniers)!<\/p>\n<p>Sans oublier le relooking des oignons rouges par Chantal, qui a d\u00e9j\u00e0 exerc\u00e9 comme coiffeuse de salades et qui envisage de devenir \u00e0 l&rsquo;occasion masseuse de choux et \u00e9pileuse de carottes !<\/p>\n<p>[supsystic-gallery id=8]<\/p>\n","protected":false},"excerpt":{"rendered":"<p>Samedi 15 avril 2017, c&rsquo;est le premier chantier de printemps \u00e0 Saint-Augustin, m\u00eame si la m\u00e9t\u00e9o est un peu grisonnante. 8 amapiens ont rejoint Marc et S\u00e9verine pour r\u00e9aliser quelques travaux vari\u00e9s, sous la serre et dans les champs. Au programme, d\u00e9sherbage des plants de pommes de terres et de carottes (pour une r\u00e9colte pr\u00e9vue &hellip; <a href=\"https:\/\/pomme-d-amap.org\/index.php\/2017\/04\/15\/premier-chantier-de-printemps-a-saint-augustin\/\" class=\"more-link\">Continuer la lecture de <span class=\"screen-reader-text\">Premier chantier de printemps \u00e0 Saint-Augustin<\/span>  <span class=\"meta-nav\">&rarr;<\/span><\/a><\/p>\n","protected":false},"author":1,"featured_media":0,"comment_status":"closed","ping_status":"closed","sticky":false,"template":"","format":"standard","meta":{"footnotes":""},"categories":[16,4],"tags":[44,48,5,49,32],"class_list":["post-402","post","type-post","status-publish","format-standard","hentry","category-galerie-dimages","category-coups-de-pouce-a-la-ferme","tag-carottes","tag-desherbage","tag-ferme","tag-oignons","tag-pommes-de-terre"],"_links":{"self":[{"href":"https:\/\/pomme-d-amap.org\/index.php\/wp-json\/wp\/v2\/posts\/402","targetHints":{"allow":["GET"]}}],"collection":[{"href":"https:\/\/pomme-d-amap.org\/index.php\/wp-json\/wp\/v2\/posts"}],"about":[{"href":"https:\/\/pomme-d-amap.org\/index.php\/wp-json\/wp\/v2\/types\/post"}],"author":[{"embeddable":true,"href":"https:\/\/pomme-d-amap.org\/index.php\/wp-json\/wp\/v2\/users\/1"}],"replies":[{"embeddable":true,"href":"https:\/\/pomme-d-amap.org\/index.php\/wp-json\/wp\/v2\/comments?post=402"}],"version-history":[{"count":5,"href":"https:\/\/pomme-d-amap.org\/index.php\/wp-json\/wp\/v2\/posts\/402\/revisions"}],"predecessor-version":[{"id":506,"href":"https:\/\/pomme-d-amap.org\/index.php\/wp-json\/wp\/v2\/posts\/402\/revisions\/506"}],"wp:attachment":[{"href":"https:\/\/pomme-d-amap.org\/index.php\/wp-json\/wp\/v2\/media?parent=402"}],"wp:term":[{"taxonomy":"category","embeddable":true,"href":"https:\/\/pomme-d-amap.org\/index.php\/wp-json\/wp\/v2\/categories?post=402"},{"taxonomy":"post_tag","embeddable":true,"href":"https:\/\/pomme-d-amap.org\/index.php\/wp-json\/wp\/v2\/tags?post=402"}],"curies":[{"name":"wp","href":"https:\/\/api.w.org\/{rel}","templated":true}]}}