{"id":427,"date":"2017-05-16T13:52:58","date_gmt":"2017-05-16T12:52:58","guid":{"rendered":"http:\/\/pomme-d-amap.org\/?p=427"},"modified":"2017-05-16T13:52:58","modified_gmt":"2017-05-16T12:52:58","slug":"distribution-du-160517","status":"publish","type":"post","link":"https:\/\/pomme-d-amap.org\/index.php\/2017\/05\/16\/distribution-du-160517\/","title":{"rendered":"Distribution du 16\/05\/17"},"content":{"rendered":"<hr \/>\n<p>Salut \u00e0 tous,<\/p>\n<p>Sous la chaleur estivale de ce d\u00e9but de semaine, la cadence s&rsquo;acc\u00e9l\u00e8re vivement \u00e0 St Augustin. Nous accueillons depuis hier en chantier d&rsquo;insertion professionnelle les jeunes de l&rsquo;association Espoir accompagn\u00e9s par Camille. Tout se passe bien, bilan de la d\u00e9couverte mutuelle \u00e0 la fin de la semaine! Sur le front des cultures, nous avons plant\u00e9 courgettes, piments, \u00e9pinards, laitues et c\u00e9leri rave et commenc\u00e9 les poivrons, d\u00e9sherb\u00e9 carottes et pommes de terre primeurs en ext\u00e9rieur que nous avons butt\u00e9 (c&rsquo;est-\u00e0-dire reform\u00e9 les butes gr\u00e2ce \u00e0 un outil tract\u00e9 adapt\u00e9), travaill\u00e9 le sol un peu partout et \u00e9pandu du compost pour les futures plantations.Nous avons \u00e9galement la pr\u00e9sence d&rsquo;une stagiaire, Aline, pendant trois semaines, qui nous apporte son aide et sa vision f\u00e9minine. Bref, tout va bien!<br \/>\nP\u00e9riode d&rsquo;une ou deux semaines difficiles en revanche en ce qui concerne les paniers, entre cultures termin\u00e9es, d&rsquo;autres presque arriv\u00e9es et stocks hivernaux quasi vides, on va y arriver quand m\u00eame!<br \/>\nVoici celui du jour:<\/p>\n<p>&#8211; Carottes 1,2 kg \/ 600 g<br \/>\n&#8211; Navets 1 kg \/ 500 g<br \/>\n&#8211; Choux rave 1 moyen \/ 1 petit<br \/>\n&#8211; Laitues 2 \/ 1<br \/>\n&#8211; Oignons blancs 1 petite botte \/ idem<\/p>\n<p>Voil\u00e0, bonne journ\u00e9e et \u00e0 ce soir!<\/p>\n<p>Marc<\/p>\n","protected":false},"excerpt":{"rendered":"<p>Salut \u00e0 tous, Sous la chaleur estivale de ce d\u00e9but de semaine, la cadence s&rsquo;acc\u00e9l\u00e8re vivement \u00e0 St Augustin. Nous accueillons depuis hier en chantier d&rsquo;insertion professionnelle les jeunes de l&rsquo;association Espoir accompagn\u00e9s par Camille. Tout se passe bien, bilan de la d\u00e9couverte mutuelle \u00e0 la fin de la semaine! Sur le front des cultures, &hellip; <a href=\"https:\/\/pomme-d-amap.org\/index.php\/2017\/05\/16\/distribution-du-160517\/\" class=\"more-link\">Continuer la lecture de <span class=\"screen-reader-text\">Distribution du 16\/05\/17<\/span>  <span class=\"meta-nav\">&rarr;<\/span><\/a><\/p>\n","protected":false},"author":1,"featured_media":0,"comment_status":"closed","ping_status":"closed","sticky":false,"template":"","format":"standard","meta":{"footnotes":""},"categories":[11],"tags":[],"class_list":["post-427","post","type-post","status-publish","format-standard","hentry","category-distributions"],"_links":{"self":[{"href":"https:\/\/pomme-d-amap.org\/index.php\/wp-json\/wp\/v2\/posts\/427","targetHints":{"allow":["GET"]}}],"collection":[{"href":"https:\/\/pomme-d-amap.org\/index.php\/wp-json\/wp\/v2\/posts"}],"about":[{"href":"https:\/\/pomme-d-amap.org\/index.php\/wp-json\/wp\/v2\/types\/post"}],"author":[{"embeddable":true,"href":"https:\/\/pomme-d-amap.org\/index.php\/wp-json\/wp\/v2\/users\/1"}],"replies":[{"embeddable":true,"href":"https:\/\/pomme-d-amap.org\/index.php\/wp-json\/wp\/v2\/comments?post=427"}],"version-history":[{"count":1,"href":"https:\/\/pomme-d-amap.org\/index.php\/wp-json\/wp\/v2\/posts\/427\/revisions"}],"predecessor-version":[{"id":428,"href":"https:\/\/pomme-d-amap.org\/index.php\/wp-json\/wp\/v2\/posts\/427\/revisions\/428"}],"wp:attachment":[{"href":"https:\/\/pomme-d-amap.org\/index.php\/wp-json\/wp\/v2\/media?parent=427"}],"wp:term":[{"taxonomy":"category","embeddable":true,"href":"https:\/\/pomme-d-amap.org\/index.php\/wp-json\/wp\/v2\/categories?post=427"},{"taxonomy":"post_tag","embeddable":true,"href":"https:\/\/pomme-d-amap.org\/index.php\/wp-json\/wp\/v2\/tags?post=427"}],"curies":[{"name":"wp","href":"https:\/\/api.w.org\/{rel}","templated":true}]}}