{"id":430,"date":"2017-05-22T22:07:04","date_gmt":"2017-05-22T21:07:04","guid":{"rendered":"http:\/\/pomme-d-amap.org\/?p=430"},"modified":"2017-05-22T22:07:04","modified_gmt":"2017-05-22T21:07:04","slug":"distribution-du-230517","status":"publish","type":"post","link":"https:\/\/pomme-d-amap.org\/index.php\/2017\/05\/22\/distribution-du-230517\/","title":{"rendered":"Distribution du 23\/05\/17"},"content":{"rendered":"<p>Salut \u00e0 tous,<\/p>\n<div>Une grosse semaine vient de s&rsquo;\u00e9couler et une nouvelle \u00e9norme a commenc\u00e9 aujourd&rsquo;hui&#8230; C&rsquo;est le c\u0153ur de la saison, o\u00f9 tout s&rsquo;acc\u00e9l\u00e8re, se percute, s\u2019additionne et o\u00f9 il faut tenir le rythme au risque de se voir vite d\u00e9bord\u00e9 par les \u00e9v\u00e9nements&#8230; Les jeunes de l&rsquo;asso Espoir ont termin\u00e9 leur immersion dans le monde \u00e9trange et \u00e9tonnant des mara\u00eechers seine-et-marnais, repartant je l&rsquo;esp\u00e8re avec un petit morceau d&rsquo;univers en plus dans leurs valises pas toujours remplies de vibrations positives&#8230; Quoi qu&rsquo;il en soit, les \u00e9changes furent parfois intenses, souvent dr\u00f4les, toujours cordiaux et enrichissants&#8230; Et quel coup de main ! J&rsquo;en profite pour abaisser bien bas mon chapeau en l&rsquo;honneur de Camille et de son coll\u00e8gue Greg qui l&rsquo;accompagnait&#8230; Vous fa\u00eetes un sacr\u00e9 job&#8230;<\/div>\n<div>Bon, au niveau terrien, des carottes, des f\u00e8ves, des choux, des navets ont \u00e9t\u00e9 d\u00e9sherb\u00e9es, des blettes arrach\u00e9es et des planches nettoy\u00e9es, des poivrons, de la ciboulette, du persil, des piments, des courgettes plant\u00e9es, des radis sem\u00e9s, le sol travaill\u00e9, amend\u00e9, les b\u00e2ches pos\u00e9es, les cultures irrigu\u00e9es, les tomates taill\u00e9es et paliss\u00e9es, un gros orage tomb\u00e9 et les mara\u00eechers lessiv\u00e9s&#8230;<\/div>\n<div>Nous continuons notre marathon avec l&rsquo;arriv\u00e9e des concombres, des courges (28 planches !) d&rsquo;une nouvelle s\u00e9rie de courgettes, de laitues, des blettes, de c\u00e9leri branche et de choux cabus, rouge, \u00e0 choucroute, de Bruxelles et d&rsquo;ailleurs&#8230;Tout \u00e7a pour vous dire que je serai jeudi, vendredi et samedi \u00e0 St Augustin et que c&rsquo;est open bar&#8230;<\/div>\n<div>En attendant, voici votre panier<\/div>\n<div><\/div>\n<div>&#8211; Pommes de terre 1,5 kg \/ 750 g<\/div>\n<div>&#8211; Carottes 1,2 kg \/ 600 g<\/div>\n<div>&#8211; Laitues 2 \/ 1<\/div>\n<div>&#8211; Oignons blancs 1 botte \/ 1 petite<\/div>\n<div>&#8211; Choux rave 1 gros \/ 1 petit<\/div>\n<div>&#8211; Menthe 1 brin \/ idem<\/div>\n<div><\/div>\n<div>Allez, bonne nuit et \u00e0 demain !<\/div>\n<div><\/div>\n<div>Marc<\/div>\n","protected":false},"excerpt":{"rendered":"<p>Salut \u00e0 tous, Une grosse semaine vient de s&rsquo;\u00e9couler et une nouvelle \u00e9norme a commenc\u00e9 aujourd&rsquo;hui&#8230; C&rsquo;est le c\u0153ur de la saison, o\u00f9 tout s&rsquo;acc\u00e9l\u00e8re, se percute, s\u2019additionne et o\u00f9 il faut tenir le rythme au risque de se voir vite d\u00e9bord\u00e9 par les \u00e9v\u00e9nements&#8230; Les jeunes de l&rsquo;asso Espoir ont termin\u00e9 leur immersion dans &hellip; <a href=\"https:\/\/pomme-d-amap.org\/index.php\/2017\/05\/22\/distribution-du-230517\/\" class=\"more-link\">Continuer la lecture de <span class=\"screen-reader-text\">Distribution du 23\/05\/17<\/span>  <span class=\"meta-nav\">&rarr;<\/span><\/a><\/p>\n","protected":false},"author":1,"featured_media":0,"comment_status":"closed","ping_status":"closed","sticky":false,"template":"","format":"standard","meta":{"footnotes":""},"categories":[11],"tags":[],"class_list":["post-430","post","type-post","status-publish","format-standard","hentry","category-distributions"],"_links":{"self":[{"href":"https:\/\/pomme-d-amap.org\/index.php\/wp-json\/wp\/v2\/posts\/430","targetHints":{"allow":["GET"]}}],"collection":[{"href":"https:\/\/pomme-d-amap.org\/index.php\/wp-json\/wp\/v2\/posts"}],"about":[{"href":"https:\/\/pomme-d-amap.org\/index.php\/wp-json\/wp\/v2\/types\/post"}],"author":[{"embeddable":true,"href":"https:\/\/pomme-d-amap.org\/index.php\/wp-json\/wp\/v2\/users\/1"}],"replies":[{"embeddable":true,"href":"https:\/\/pomme-d-amap.org\/index.php\/wp-json\/wp\/v2\/comments?post=430"}],"version-history":[{"count":1,"href":"https:\/\/pomme-d-amap.org\/index.php\/wp-json\/wp\/v2\/posts\/430\/revisions"}],"predecessor-version":[{"id":431,"href":"https:\/\/pomme-d-amap.org\/index.php\/wp-json\/wp\/v2\/posts\/430\/revisions\/431"}],"wp:attachment":[{"href":"https:\/\/pomme-d-amap.org\/index.php\/wp-json\/wp\/v2\/media?parent=430"}],"wp:term":[{"taxonomy":"category","embeddable":true,"href":"https:\/\/pomme-d-amap.org\/index.php\/wp-json\/wp\/v2\/categories?post=430"},{"taxonomy":"post_tag","embeddable":true,"href":"https:\/\/pomme-d-amap.org\/index.php\/wp-json\/wp\/v2\/tags?post=430"}],"curies":[{"name":"wp","href":"https:\/\/api.w.org\/{rel}","templated":true}]}}