{"id":436,"date":"2017-06-06T12:55:12","date_gmt":"2017-06-06T11:55:12","guid":{"rendered":"http:\/\/pomme-d-amap.org\/?p=436"},"modified":"2017-06-06T12:55:12","modified_gmt":"2017-06-06T11:55:12","slug":"distribution-du-060617","status":"publish","type":"post","link":"https:\/\/pomme-d-amap.org\/index.php\/2017\/06\/06\/distribution-du-060617\/","title":{"rendered":"Distribution du 06\/06\/17"},"content":{"rendered":"<p>Salut \u00e0 tous,<\/p>\n<div>Grooooossse semaine qui se termine par une journ\u00e9e sympathique et extr\u00eamement efficace \u00e0 St Augustin&#8230;Gr\u00e2ce \u00e0 votre aide, six planches d&rsquo;oignons ont \u00e9t\u00e9 d\u00e9sherb\u00e9es ainsi que des carottes. Alors, merci \u00e0 Edwige, Gauthier, Claire, Laure, J\u00e9r\u00f4me, Catherine, Fabian et Isaac pour leur coup de main ! Avant cela, toutes les courges ont \u00e9t\u00e9 plant\u00e9es, ce qui repr\u00e9sente 1120 plants, ainsi qu&rsquo;une planche de concombres, une et demi de past\u00e8ques et autant de melons et pour finir deux planches de p\u00e2tissons. Les courgettes et les tomates galopent, le printemps propice les favorise, pourvu que \u00e7a dure! Je vous passe les habituels travaux de d\u00e9sherbage, r\u00e9colte, palissage, entretien, nettoyage, installation et pr\u00e9paration qui rythment notre quotidien, disons que \u00e7a n&rsquo;arr\u00eate pas !<\/div>\n<div>Voici votre panier un peu approximatif, car nous n&rsquo;avons pas pris le temps de le penser aujourd&rsquo;hui&#8230; Il y aura probablement<\/div>\n<div><\/div>\n<div>&#8211; Pommes de terre nouvelles 1,2 kg \/ 600 g<\/div>\n<div>&#8211; Navets (selon r\u00e9colte)<\/div>\n<div>&#8211; Radis roses (selon r\u00e9colte)<\/div>\n<div>&#8211; Ail 2\/1<\/div>\n<div>&#8211; Oignons blancs 5\/ 3<\/div>\n<div>&#8211; Laitues 2 \/ 1 ou plusieurs c\u0153urs<\/div>\n<div>&#8211; Pois gourmands (\u00e0 peser)<\/div>\n<div><\/div>\n<div>Voil\u00e0, \u00e0 ce soir !<\/div>\n<div><\/div>\n<div>Marc<\/div>\n","protected":false},"excerpt":{"rendered":"<p>Salut \u00e0 tous, Grooooossse semaine qui se termine par une journ\u00e9e sympathique et extr\u00eamement efficace \u00e0 St Augustin&#8230;Gr\u00e2ce \u00e0 votre aide, six planches d&rsquo;oignons ont \u00e9t\u00e9 d\u00e9sherb\u00e9es ainsi que des carottes. Alors, merci \u00e0 Edwige, Gauthier, Claire, Laure, J\u00e9r\u00f4me, Catherine, Fabian et Isaac pour leur coup de main ! Avant cela, toutes les courges ont &hellip; <a href=\"https:\/\/pomme-d-amap.org\/index.php\/2017\/06\/06\/distribution-du-060617\/\" class=\"more-link\">Continuer la lecture de <span class=\"screen-reader-text\">Distribution du 06\/06\/17<\/span>  <span class=\"meta-nav\">&rarr;<\/span><\/a><\/p>\n","protected":false},"author":1,"featured_media":0,"comment_status":"closed","ping_status":"closed","sticky":false,"template":"","format":"standard","meta":{"footnotes":""},"categories":[11],"tags":[],"class_list":["post-436","post","type-post","status-publish","format-standard","hentry","category-distributions"],"_links":{"self":[{"href":"https:\/\/pomme-d-amap.org\/index.php\/wp-json\/wp\/v2\/posts\/436","targetHints":{"allow":["GET"]}}],"collection":[{"href":"https:\/\/pomme-d-amap.org\/index.php\/wp-json\/wp\/v2\/posts"}],"about":[{"href":"https:\/\/pomme-d-amap.org\/index.php\/wp-json\/wp\/v2\/types\/post"}],"author":[{"embeddable":true,"href":"https:\/\/pomme-d-amap.org\/index.php\/wp-json\/wp\/v2\/users\/1"}],"replies":[{"embeddable":true,"href":"https:\/\/pomme-d-amap.org\/index.php\/wp-json\/wp\/v2\/comments?post=436"}],"version-history":[{"count":1,"href":"https:\/\/pomme-d-amap.org\/index.php\/wp-json\/wp\/v2\/posts\/436\/revisions"}],"predecessor-version":[{"id":437,"href":"https:\/\/pomme-d-amap.org\/index.php\/wp-json\/wp\/v2\/posts\/436\/revisions\/437"}],"wp:attachment":[{"href":"https:\/\/pomme-d-amap.org\/index.php\/wp-json\/wp\/v2\/media?parent=436"}],"wp:term":[{"taxonomy":"category","embeddable":true,"href":"https:\/\/pomme-d-amap.org\/index.php\/wp-json\/wp\/v2\/categories?post=436"},{"taxonomy":"post_tag","embeddable":true,"href":"https:\/\/pomme-d-amap.org\/index.php\/wp-json\/wp\/v2\/tags?post=436"}],"curies":[{"name":"wp","href":"https:\/\/api.w.org\/{rel}","templated":true}]}}