{"id":452,"date":"2017-06-27T11:08:02","date_gmt":"2017-06-27T10:08:02","guid":{"rendered":"http:\/\/pomme-d-amap.org\/?p=452"},"modified":"2017-06-27T11:08:02","modified_gmt":"2017-06-27T10:08:02","slug":"distribution-du-270617","status":"publish","type":"post","link":"https:\/\/pomme-d-amap.org\/index.php\/2017\/06\/27\/distribution-du-270617\/","title":{"rendered":"Distribution du 27\/06\/17"},"content":{"rendered":"<p>Salut \u00e0 tous,<\/p>\n<div>Un petit mot avant de partir dans les champs, les oreilles encore bourdonnantes de mon passage \u00e0 Ivry en F\u00eate samedi, au m\u00eame moment qu&rsquo;un jeune groupe de M\u00e9tal n&rsquo;ayant pas encore acquis les subtilit\u00e9s de la balance (exercice constituant \u00e0 \u00e9quilibrer le son de tous les instruments afin que l&rsquo;ensemble soit audible de la foule en d\u00e9lire&#8230;), mais disposant au demeurant d&rsquo;une belle \u00e9nergie&#8230; Sinon, belle f\u00eate, pleine de couleurs et de gens biens !<\/div>\n<div>Du c\u00f4t\u00e9 des cultures, on vient encore d&rsquo;\u00e9couler une grosse semaine avec les semis des betteraves de conservation, des plantations de choux \u00e0 choucroute, courgettes, c\u00e9leri branche, basilic, piments, d\u00e9sherbage en tout genre, pr\u00e9paration du sol pour les futures plantations et surtout, les r\u00e9coltes quotidiennes des l\u00e9gumes d&rsquo;\u00e9t\u00e9 qui s&rsquo;acc\u00e9l\u00e8rent: courgettes, concombres, aubergines (les premi\u00e8res hier) et les tomates rougissent&#8230;<\/div>\n<div>Voici votre panier du jour :<\/div>\n<div><\/div>\n<div>&#8211; Carottes primeurs 1 botte \/ 1\/2 botte<\/div>\n<div>&#8211; Betteraves (quantit\u00e9 selon r\u00e9colte)<\/div>\n<div>&#8211; Oignons blancs 500 g \/ 250 g<\/div>\n<div>&#8211; Chou brocoli (grand panier) ou pointu (petit)<\/div>\n<div>&#8211; Courgettes (en nombre)<\/div>\n<div>&#8211; Concombres 2 \/ 1<\/div>\n<div>&#8211; Laitues 2 \/ 1<\/div>\n<div>&#8211; F\u00e8ves (quantit\u00e9 selon r\u00e9colte)<\/div>\n<div><\/div>\n<div>Voil\u00e0, passez une bonne journ\u00e9e et \u00e0 ce soir !<\/div>\n<div><\/div>\n<div>Marc<\/div>\n","protected":false},"excerpt":{"rendered":"<p>Salut \u00e0 tous, Un petit mot avant de partir dans les champs, les oreilles encore bourdonnantes de mon passage \u00e0 Ivry en F\u00eate samedi, au m\u00eame moment qu&rsquo;un jeune groupe de M\u00e9tal n&rsquo;ayant pas encore acquis les subtilit\u00e9s de la balance (exercice constituant \u00e0 \u00e9quilibrer le son de tous les instruments afin que l&rsquo;ensemble soit &hellip; <a href=\"https:\/\/pomme-d-amap.org\/index.php\/2017\/06\/27\/distribution-du-270617\/\" class=\"more-link\">Continuer la lecture de <span class=\"screen-reader-text\">Distribution du 27\/06\/17<\/span>  <span class=\"meta-nav\">&rarr;<\/span><\/a><\/p>\n","protected":false},"author":1,"featured_media":0,"comment_status":"closed","ping_status":"closed","sticky":false,"template":"","format":"standard","meta":{"footnotes":""},"categories":[11],"tags":[],"class_list":["post-452","post","type-post","status-publish","format-standard","hentry","category-distributions"],"_links":{"self":[{"href":"https:\/\/pomme-d-amap.org\/index.php\/wp-json\/wp\/v2\/posts\/452","targetHints":{"allow":["GET"]}}],"collection":[{"href":"https:\/\/pomme-d-amap.org\/index.php\/wp-json\/wp\/v2\/posts"}],"about":[{"href":"https:\/\/pomme-d-amap.org\/index.php\/wp-json\/wp\/v2\/types\/post"}],"author":[{"embeddable":true,"href":"https:\/\/pomme-d-amap.org\/index.php\/wp-json\/wp\/v2\/users\/1"}],"replies":[{"embeddable":true,"href":"https:\/\/pomme-d-amap.org\/index.php\/wp-json\/wp\/v2\/comments?post=452"}],"version-history":[{"count":1,"href":"https:\/\/pomme-d-amap.org\/index.php\/wp-json\/wp\/v2\/posts\/452\/revisions"}],"predecessor-version":[{"id":453,"href":"https:\/\/pomme-d-amap.org\/index.php\/wp-json\/wp\/v2\/posts\/452\/revisions\/453"}],"wp:attachment":[{"href":"https:\/\/pomme-d-amap.org\/index.php\/wp-json\/wp\/v2\/media?parent=452"}],"wp:term":[{"taxonomy":"category","embeddable":true,"href":"https:\/\/pomme-d-amap.org\/index.php\/wp-json\/wp\/v2\/categories?post=452"},{"taxonomy":"post_tag","embeddable":true,"href":"https:\/\/pomme-d-amap.org\/index.php\/wp-json\/wp\/v2\/tags?post=452"}],"curies":[{"name":"wp","href":"https:\/\/api.w.org\/{rel}","templated":true}]}}