{"id":456,"date":"2017-07-04T10:24:29","date_gmt":"2017-07-04T09:24:29","guid":{"rendered":"http:\/\/pomme-d-amap.org\/?p=456"},"modified":"2017-07-04T10:24:29","modified_gmt":"2017-07-04T09:24:29","slug":"distribution-du-040717-salle-raspail","status":"publish","type":"post","link":"https:\/\/pomme-d-amap.org\/index.php\/2017\/07\/04\/distribution-du-040717-salle-raspail\/","title":{"rendered":"Distribution du 04\/07\/17 &#8211; salle Raspail !"},"content":{"rendered":"<div dir=\"ltr\">Salut \u00e0 tous,<\/p>\n<div><\/div>\n<div>La chaleur revient progressivement apr\u00e8s cette \u00e9pisode de fra\u00eecheur et de pluie&#8230;Du coup, gros ralentissement sur les l\u00e9gumes d&rsquo;\u00e9t\u00e9 ! c&rsquo;est toujours impressionnant de voir comme la chaleur les booste&#8230; Mais bon, ils sont bel et bien l\u00e0 \u00e0 part les premi\u00e8res gal\u00e8res li\u00e9es \u00e0 la verticiliose sur les aubergines et la mosa\u00efque sur les concombres. Il faut tailler les feuilles malades, il n&rsquo;y a pas grand chose d&rsquo;autre \u00e0 faire&#8230; Les premi\u00e8res tomates ont \u00e9t\u00e9 r\u00e9colt\u00e9es, pas assez pour vous les mettre en distribution, la semaine prochaine sans doute!<\/div>\n<div>Sinon, nous avons cette semaine plant\u00e9 des choux \u00e0 choucroute, des choux rouges et des laitues et pr\u00e9par\u00e9 la mise en place des derniers chantiers de l&rsquo;\u00e9t\u00e9 (poireaux, navets, radis raves, choux ) entre deux d\u00e9sherbages&#8230; Merci \u00e0 J\u00e9r\u00f4me et Claire pour leur coup de main d&rsquo;hier ! Je serai \u00e0 la ferme samedi et vous y accueille avec plaisir avant vos d\u00e9parts en vacances, il reste du boulot !<\/div>\n<div>Voici votre panier :<\/div>\n<div><\/div>\n<div>&#8211; Pommes de terre 1 kg \/ 500 g<\/div>\n<div>&#8211; Carottes 1 kg \/ 500 g<\/div>\n<div>&#8211; Choux pointus 1 grand \/ 1 petit<\/div>\n<div>&#8211; Ail 2 \/ 1<\/div>\n<div>&#8211; Concombres 2 \/ 1<\/div>\n<div>&#8211; Poivrons 2 \/ 1<\/div>\n<div>&#8211; Aubergines 2 \/ 1<\/div>\n<div>&#8211; F\u00e8ves 1 kg \/ 500 g<\/div>\n<div>&#8211; Laitues 2 \/ 1<\/div>\n<div><\/div>\n<div>Voil\u00e0, bonne journ\u00e9e et \u00e0 ce soir&#8230;..SALLE RASPAIL !!!!<\/div>\n<\/div>\n<div class=\"yj6qo ajU\">\n<div id=\":mp\" class=\"ajR\" tabindex=\"0\" data-tooltip=\"Afficher le contenu abr\u00e9g\u00e9\"><img decoding=\"async\" class=\"ajT\" src=\"https:\/\/ssl.gstatic.com\/ui\/v1\/icons\/mail\/images\/cleardot.gif\" \/><\/div>\n<\/div>\n","protected":false},"excerpt":{"rendered":"<p>Salut \u00e0 tous, La chaleur revient progressivement apr\u00e8s cette \u00e9pisode de fra\u00eecheur et de pluie&#8230;Du coup, gros ralentissement sur les l\u00e9gumes d&rsquo;\u00e9t\u00e9 ! c&rsquo;est toujours impressionnant de voir comme la chaleur les booste&#8230; Mais bon, ils sont bel et bien l\u00e0 \u00e0 part les premi\u00e8res gal\u00e8res li\u00e9es \u00e0 la verticiliose sur les aubergines et la &hellip; <a href=\"https:\/\/pomme-d-amap.org\/index.php\/2017\/07\/04\/distribution-du-040717-salle-raspail\/\" class=\"more-link\">Continuer la lecture de <span class=\"screen-reader-text\">Distribution du 04\/07\/17 &#8211; salle Raspail !<\/span>  <span class=\"meta-nav\">&rarr;<\/span><\/a><\/p>\n","protected":false},"author":1,"featured_media":0,"comment_status":"closed","ping_status":"closed","sticky":false,"template":"","format":"standard","meta":{"footnotes":""},"categories":[11],"tags":[],"class_list":["post-456","post","type-post","status-publish","format-standard","hentry","category-distributions"],"_links":{"self":[{"href":"https:\/\/pomme-d-amap.org\/index.php\/wp-json\/wp\/v2\/posts\/456","targetHints":{"allow":["GET"]}}],"collection":[{"href":"https:\/\/pomme-d-amap.org\/index.php\/wp-json\/wp\/v2\/posts"}],"about":[{"href":"https:\/\/pomme-d-amap.org\/index.php\/wp-json\/wp\/v2\/types\/post"}],"author":[{"embeddable":true,"href":"https:\/\/pomme-d-amap.org\/index.php\/wp-json\/wp\/v2\/users\/1"}],"replies":[{"embeddable":true,"href":"https:\/\/pomme-d-amap.org\/index.php\/wp-json\/wp\/v2\/comments?post=456"}],"version-history":[{"count":1,"href":"https:\/\/pomme-d-amap.org\/index.php\/wp-json\/wp\/v2\/posts\/456\/revisions"}],"predecessor-version":[{"id":457,"href":"https:\/\/pomme-d-amap.org\/index.php\/wp-json\/wp\/v2\/posts\/456\/revisions\/457"}],"wp:attachment":[{"href":"https:\/\/pomme-d-amap.org\/index.php\/wp-json\/wp\/v2\/media?parent=456"}],"wp:term":[{"taxonomy":"category","embeddable":true,"href":"https:\/\/pomme-d-amap.org\/index.php\/wp-json\/wp\/v2\/categories?post=456"},{"taxonomy":"post_tag","embeddable":true,"href":"https:\/\/pomme-d-amap.org\/index.php\/wp-json\/wp\/v2\/tags?post=456"}],"curies":[{"name":"wp","href":"https:\/\/api.w.org\/{rel}","templated":true}]}}