{"id":461,"date":"2017-07-11T08:22:02","date_gmt":"2017-07-11T07:22:02","guid":{"rendered":"http:\/\/pomme-d-amap.org\/?p=461"},"modified":"2017-07-11T08:22:02","modified_gmt":"2017-07-11T07:22:02","slug":"distribution-du-110717-salle-raspail","status":"publish","type":"post","link":"https:\/\/pomme-d-amap.org\/index.php\/2017\/07\/11\/distribution-du-110717-salle-raspail\/","title":{"rendered":"Distribution du 11\/07\/17 &#8211; Salle Raspail"},"content":{"rendered":"<p>Salut \u00e0 tous,<\/p>\n<div>La loi des s\u00e9ries :\u00a0 apr\u00e8s avoir fait r\u00e9parer mon embrayage au mois de juin et fait quelques distribs avec le camion de Boris, c&rsquo;est le sien qui a l\u00e2ch\u00e9 cette semaine et du coup, je lui ai pr\u00eat\u00e9 mon trafic pour sa distrib hier soir&#8230; dont il est revenu en 3\u00e8me et 4\u00e8me, la premi\u00e8re et la seconde ne passant plus, bref, ma bo\u00eete de vitesse ayant rendu l&rsquo;\u00e2me. Le Vito de Boris n&rsquo;\u00e9tant pas encore r\u00e9par\u00e9, nous irons tous les deux ce matin faire travailler les loueurs d&rsquo;utilitaire de Coulommiers afin de pouvoir \u00e9couler nos centaines de kilos de tomates, avant de relancer la fili\u00e8re automobile \u00e0 la rentr\u00e9e, car nos jolis petites occases commencent \u00e0 nous revenir cher&#8230; ! Bon, quoi qu&rsquo;il en soit, je serai au rendez-vous (salle Raspail&#8230;) ce soir, m\u00eame en tracteur&#8230;<\/div>\n<div>Nous avons accueilli samedi les premiers amapiens de Moussa, montreuillois novices que nous avons initi\u00e9s au d\u00e9sherbage de carottes sur le rang (6 planches) gr\u00e2ce \u00e0 l&rsquo;aide des exp\u00e9riment\u00e9s ivryens, Ga\u00eblle Cazalon, Elo\u00efse et Henri, que je remercie au passage&#8230;Le reste de la semaine a \u00e9t\u00e9 ax\u00e9 essentiellement sur la pr\u00e9paration des planches de poireaux et de choux, avec \u00e9norm\u00e9ment de nettoyage, la plantation des premiers poireaux, d&rsquo;une derni\u00e8re s\u00e9rie de courgette, la taille des concombres et des aubergines et des r\u00e9coltes abondantes. Il reste beaucoup de carottes \u00e0 d\u00e9sherber, \u00e9norm\u00e9ment de choses importantes \u00e0 faire dans le mois qui vient, je serai donc sur place vendredi 14 et samedi 15 pour vous y accueillir. A bon entendeur&#8230; !<\/div>\n<div>Voici votre panier :<\/div>\n<div><\/div>\n<div>&#8211; Carottes 1,2 kg \/ 600 g<\/div>\n<div>&#8211; Courgettes 4 \/ 2<\/div>\n<div>&#8211; Concombres 4 \/ 2<\/div>\n<div>&#8211; Tomates (\u00e0 peser)<\/div>\n<div>&#8211; Laitues 2 \/ 1<\/div>\n<div>&#8211; Fenouil 2 \/ 1<\/div>\n<div>&#8211; Chou fleur 1 \/ 1 + 1 brocoli grand panier<\/div>\n<div>&#8211; Oignons blancs 500 g \/ 250 g<\/div>\n<div><\/div>\n<div>Voil\u00e0, bonne journ\u00e9e et \u00e0 ce soir&#8230;. salle RASPAIL !!<\/div>\n<div class=\"yj6qo ajU\">\n<div id=\":og\" class=\"ajR\" tabindex=\"0\" data-tooltip=\"Afficher le contenu abr\u00e9g\u00e9\"><\/div>\n<\/div>\n","protected":false},"excerpt":{"rendered":"<p>Salut \u00e0 tous, La loi des s\u00e9ries :\u00a0 apr\u00e8s avoir fait r\u00e9parer mon embrayage au mois de juin et fait quelques distribs avec le camion de Boris, c&rsquo;est le sien qui a l\u00e2ch\u00e9 cette semaine et du coup, je lui ai pr\u00eat\u00e9 mon trafic pour sa distrib hier soir&#8230; dont il est revenu en 3\u00e8me &hellip; <a href=\"https:\/\/pomme-d-amap.org\/index.php\/2017\/07\/11\/distribution-du-110717-salle-raspail\/\" class=\"more-link\">Continuer la lecture de <span class=\"screen-reader-text\">Distribution du 11\/07\/17 &#8211; Salle Raspail<\/span>  <span class=\"meta-nav\">&rarr;<\/span><\/a><\/p>\n","protected":false},"author":1,"featured_media":0,"comment_status":"closed","ping_status":"closed","sticky":false,"template":"","format":"standard","meta":{"footnotes":""},"categories":[11],"tags":[],"class_list":["post-461","post","type-post","status-publish","format-standard","hentry","category-distributions"],"_links":{"self":[{"href":"https:\/\/pomme-d-amap.org\/index.php\/wp-json\/wp\/v2\/posts\/461","targetHints":{"allow":["GET"]}}],"collection":[{"href":"https:\/\/pomme-d-amap.org\/index.php\/wp-json\/wp\/v2\/posts"}],"about":[{"href":"https:\/\/pomme-d-amap.org\/index.php\/wp-json\/wp\/v2\/types\/post"}],"author":[{"embeddable":true,"href":"https:\/\/pomme-d-amap.org\/index.php\/wp-json\/wp\/v2\/users\/1"}],"replies":[{"embeddable":true,"href":"https:\/\/pomme-d-amap.org\/index.php\/wp-json\/wp\/v2\/comments?post=461"}],"version-history":[{"count":1,"href":"https:\/\/pomme-d-amap.org\/index.php\/wp-json\/wp\/v2\/posts\/461\/revisions"}],"predecessor-version":[{"id":462,"href":"https:\/\/pomme-d-amap.org\/index.php\/wp-json\/wp\/v2\/posts\/461\/revisions\/462"}],"wp:attachment":[{"href":"https:\/\/pomme-d-amap.org\/index.php\/wp-json\/wp\/v2\/media?parent=461"}],"wp:term":[{"taxonomy":"category","embeddable":true,"href":"https:\/\/pomme-d-amap.org\/index.php\/wp-json\/wp\/v2\/categories?post=461"},{"taxonomy":"post_tag","embeddable":true,"href":"https:\/\/pomme-d-amap.org\/index.php\/wp-json\/wp\/v2\/tags?post=461"}],"curies":[{"name":"wp","href":"https:\/\/api.w.org\/{rel}","templated":true}]}}