{"id":464,"date":"2017-07-18T07:25:46","date_gmt":"2017-07-18T06:25:46","guid":{"rendered":"http:\/\/pomme-d-amap.org\/?p=464"},"modified":"2017-07-18T07:25:46","modified_gmt":"2017-07-18T06:25:46","slug":"distribution-du-180717-retour-salle-voltaire","status":"publish","type":"post","link":"https:\/\/pomme-d-amap.org\/index.php\/2017\/07\/18\/distribution-du-180717-retour-salle-voltaire\/","title":{"rendered":"Distribution du 18\/07\/17 &#8211; retour salle Voltaire"},"content":{"rendered":"<p>Salut \u00e0 tous,<\/p>\n<div>Voila une semaine qui a sonn\u00e9 la fin (provisoire) des ennuis m\u00e9caniques et permis d&rsquo;entrer dans la derni\u00e8re ligne droite des gros enjeux de la saison. Nous avons plant\u00e9 plusieurs planches de poireaux, des choux, des laitues, pr\u00e9par\u00e9, nettoy\u00e9, travaill\u00e9 les planches, d\u00e9sherb\u00e9 les carottes ( 8 planches ) et des c\u00e9leris, et \u00e9videmment r\u00e9colt\u00e9 \u00e0 tout va&#8230; encore 3 semaines de gros boulot avant la petite accalmie estivale&#8230;<\/div>\n<div>Merci aux amapiens du 14 juillet (Sophie, Ga\u00eblle, Lazare, David, Marie, Adrien, Capucine, Chantal et Claire&#8230;) et \u00e0 ceux d&rsquo;hier (Catherine et Isaac) pour leur aide pr\u00e9cieuse! Les champs restent ouverts pendant les soldes&#8230;<\/div>\n<div>Voici votre panier du jour:<\/div>\n<div><\/div>\n<div>&#8211; Aubergines 2\/1<\/div>\n<div>&#8211; Tomates ( \u00e0 peser)<\/div>\n<div>&#8211; Courgettes 3\/2<\/div>\n<div>&#8211; Concombres 4\/2<\/div>\n<div>&#8211; Chou rouge (grand panier) et fleur (petit)<\/div>\n<div>&#8211; Blettes (selon r\u00e9colte)<\/div>\n<div>&#8211; Laitues 2\/1<\/div>\n<div>&#8211; Ail 2\/1<\/div>\n<div>&#8211; Ciboulette 1\/1<\/div>\n<div><\/div>\n<div>Voil\u00e0, bonne journ\u00e9e et \u00e0 ce soir&#8230; salle voltaire !!<\/div>\n<div><\/div>\n<div>Marc<\/div>\n","protected":false},"excerpt":{"rendered":"<p>Salut \u00e0 tous, Voila une semaine qui a sonn\u00e9 la fin (provisoire) des ennuis m\u00e9caniques et permis d&rsquo;entrer dans la derni\u00e8re ligne droite des gros enjeux de la saison. Nous avons plant\u00e9 plusieurs planches de poireaux, des choux, des laitues, pr\u00e9par\u00e9, nettoy\u00e9, travaill\u00e9 les planches, d\u00e9sherb\u00e9 les carottes ( 8 planches ) et des c\u00e9leris, &hellip; <a href=\"https:\/\/pomme-d-amap.org\/index.php\/2017\/07\/18\/distribution-du-180717-retour-salle-voltaire\/\" class=\"more-link\">Continuer la lecture de <span class=\"screen-reader-text\">Distribution du 18\/07\/17 &#8211; retour salle Voltaire<\/span>  <span class=\"meta-nav\">&rarr;<\/span><\/a><\/p>\n","protected":false},"author":1,"featured_media":0,"comment_status":"closed","ping_status":"closed","sticky":false,"template":"","format":"standard","meta":{"footnotes":""},"categories":[11],"tags":[],"class_list":["post-464","post","type-post","status-publish","format-standard","hentry","category-distributions"],"_links":{"self":[{"href":"https:\/\/pomme-d-amap.org\/index.php\/wp-json\/wp\/v2\/posts\/464","targetHints":{"allow":["GET"]}}],"collection":[{"href":"https:\/\/pomme-d-amap.org\/index.php\/wp-json\/wp\/v2\/posts"}],"about":[{"href":"https:\/\/pomme-d-amap.org\/index.php\/wp-json\/wp\/v2\/types\/post"}],"author":[{"embeddable":true,"href":"https:\/\/pomme-d-amap.org\/index.php\/wp-json\/wp\/v2\/users\/1"}],"replies":[{"embeddable":true,"href":"https:\/\/pomme-d-amap.org\/index.php\/wp-json\/wp\/v2\/comments?post=464"}],"version-history":[{"count":1,"href":"https:\/\/pomme-d-amap.org\/index.php\/wp-json\/wp\/v2\/posts\/464\/revisions"}],"predecessor-version":[{"id":465,"href":"https:\/\/pomme-d-amap.org\/index.php\/wp-json\/wp\/v2\/posts\/464\/revisions\/465"}],"wp:attachment":[{"href":"https:\/\/pomme-d-amap.org\/index.php\/wp-json\/wp\/v2\/media?parent=464"}],"wp:term":[{"taxonomy":"category","embeddable":true,"href":"https:\/\/pomme-d-amap.org\/index.php\/wp-json\/wp\/v2\/categories?post=464"},{"taxonomy":"post_tag","embeddable":true,"href":"https:\/\/pomme-d-amap.org\/index.php\/wp-json\/wp\/v2\/tags?post=464"}],"curies":[{"name":"wp","href":"https:\/\/api.w.org\/{rel}","templated":true}]}}