{"id":467,"date":"2017-07-25T14:29:24","date_gmt":"2017-07-25T13:29:24","guid":{"rendered":"http:\/\/pomme-d-amap.org\/?p=467"},"modified":"2017-07-25T14:29:24","modified_gmt":"2017-07-25T13:29:24","slug":"distribution-du-250717","status":"publish","type":"post","link":"https:\/\/pomme-d-amap.org\/index.php\/2017\/07\/25\/distribution-du-250717\/","title":{"rendered":"Distribution du 25\/07\/17"},"content":{"rendered":"<p>Salut \u00e0 tous,<\/p>\n<div>Bon, c&rsquo;est vrai, la saison est plut\u00f4t belle, le printemps a \u00e9t\u00e9 ensoleill\u00e9, le d\u00e9but d&rsquo;\u00e9t\u00e9 impeccable&#8230; mais bon, ce serait bien que le vent, la pluie et l&rsquo;humidit\u00e9 laisse la place, maintenant, on va pas ressortir les fringues d&rsquo;automne, non plus&#8230; Petite incidence pour le moment tr\u00e8s l\u00e9g\u00e8re sur la production de l\u00e9gumes d&rsquo;\u00e9t\u00e9. Les tomates, elles sont quasiment \u00e0 leur pic de production (fin juillet!), j&rsquo;esp\u00e8re que l&rsquo;arri\u00e8re-saison sera bonne&#8230; Cette semaine a \u00e9t\u00e9 consacr\u00e9e \u00e0 la fin de la plantation des choux et des poireaux, au nettoyage d&rsquo;une parcelle o\u00f9 les radis raves et les navets vont \u00eatre sem\u00e9s (arrachage des anciennes cultures, pliage des b\u00e2ches, r\u00e9colte et stockage des l\u00e9gumes en place), au d\u00e9sherbage et aux r\u00e9coltes nombreuses. Pas d&rsquo;amapiens samedi \u00e0 St O, c&rsquo;\u00e9tait rel\u00e2che, mais ceux qui sont encore dans le coin sont les bienvenus les deux samedis \u00e0 venir pour un dernier coup de collier !<\/div>\n<div>Voici votre panier :<\/div>\n<div><\/div>\n<div>&#8211; Tomates (\u00e0 peser)<\/div>\n<div>&#8211; Poivrons<\/div>\n<div>&#8211; P\u00e2tissons<\/div>\n<div>&#8211; Courgettes<\/div>\n<div>&#8211; Concombres (<i>\u00e0 compter et \u00e0 r\u00e9partir<\/i>)<\/div>\n<div>&#8211; Betteraves ( \u00e0 peser)<\/div>\n<div>&#8211; Laitues 1\/1<\/div>\n<div>&#8211; Oignons blancs 500 g \/ 250 g<\/div>\n<div>&#8211; Persil 1\/1<\/div>\n<div>&#8211; Basilic 1\/1<\/div>\n<div><\/div>\n<div>Voil\u00e0, bonne journ\u00e9e et \u00e0 ce soir!<\/div>\n<div><\/div>\n<div>Marc<\/div>\n","protected":false},"excerpt":{"rendered":"<p>Salut \u00e0 tous, Bon, c&rsquo;est vrai, la saison est plut\u00f4t belle, le printemps a \u00e9t\u00e9 ensoleill\u00e9, le d\u00e9but d&rsquo;\u00e9t\u00e9 impeccable&#8230; mais bon, ce serait bien que le vent, la pluie et l&rsquo;humidit\u00e9 laisse la place, maintenant, on va pas ressortir les fringues d&rsquo;automne, non plus&#8230; Petite incidence pour le moment tr\u00e8s l\u00e9g\u00e8re sur la production &hellip; <a href=\"https:\/\/pomme-d-amap.org\/index.php\/2017\/07\/25\/distribution-du-250717\/\" class=\"more-link\">Continuer la lecture de <span class=\"screen-reader-text\">Distribution du 25\/07\/17<\/span>  <span class=\"meta-nav\">&rarr;<\/span><\/a><\/p>\n","protected":false},"author":1,"featured_media":0,"comment_status":"closed","ping_status":"closed","sticky":false,"template":"","format":"standard","meta":{"footnotes":""},"categories":[11],"tags":[],"class_list":["post-467","post","type-post","status-publish","format-standard","hentry","category-distributions"],"_links":{"self":[{"href":"https:\/\/pomme-d-amap.org\/index.php\/wp-json\/wp\/v2\/posts\/467","targetHints":{"allow":["GET"]}}],"collection":[{"href":"https:\/\/pomme-d-amap.org\/index.php\/wp-json\/wp\/v2\/posts"}],"about":[{"href":"https:\/\/pomme-d-amap.org\/index.php\/wp-json\/wp\/v2\/types\/post"}],"author":[{"embeddable":true,"href":"https:\/\/pomme-d-amap.org\/index.php\/wp-json\/wp\/v2\/users\/1"}],"replies":[{"embeddable":true,"href":"https:\/\/pomme-d-amap.org\/index.php\/wp-json\/wp\/v2\/comments?post=467"}],"version-history":[{"count":1,"href":"https:\/\/pomme-d-amap.org\/index.php\/wp-json\/wp\/v2\/posts\/467\/revisions"}],"predecessor-version":[{"id":468,"href":"https:\/\/pomme-d-amap.org\/index.php\/wp-json\/wp\/v2\/posts\/467\/revisions\/468"}],"wp:attachment":[{"href":"https:\/\/pomme-d-amap.org\/index.php\/wp-json\/wp\/v2\/media?parent=467"}],"wp:term":[{"taxonomy":"category","embeddable":true,"href":"https:\/\/pomme-d-amap.org\/index.php\/wp-json\/wp\/v2\/categories?post=467"},{"taxonomy":"post_tag","embeddable":true,"href":"https:\/\/pomme-d-amap.org\/index.php\/wp-json\/wp\/v2\/tags?post=467"}],"curies":[{"name":"wp","href":"https:\/\/api.w.org\/{rel}","templated":true}]}}