{"id":485,"date":"2017-09-12T07:19:01","date_gmt":"2017-09-12T06:19:01","guid":{"rendered":"http:\/\/pomme-d-amap.org\/?p=485"},"modified":"2017-09-12T07:19:01","modified_gmt":"2017-09-12T06:19:01","slug":"distribution-du-120917","status":"publish","type":"post","link":"https:\/\/pomme-d-amap.org\/index.php\/2017\/09\/12\/distribution-du-120917\/","title":{"rendered":"Distribution du 12\/09\/17"},"content":{"rendered":"<p>Salut \u00e0 tous,<\/p>\n<p>Bon, cette fois-ci, je ne vous oublie pas, ma t\u00eate est bien revenue avec le reste de mon corps dans les champs de Seine-et-Marne&#8230;<br \/>\nLa semaine de reprise a \u00e9t\u00e9 \u00e0 la fois pleine de satisfaction: les racines de conservation ont pouss\u00e9, carottes, c\u00e9leris, navets, radis ont l&rsquo;air au top, les betteraves un peu moins (carence?) mais \u00e7a ira. Les dix planches de pommes de terre effectu\u00e9es \u00e0 St Augustin ont \u00e9t\u00e9 quasiment toutes r\u00e9colt\u00e9es (et d\u00e9j\u00e0 dans vos paniers) et le rendement est vraiment satisfaisant. Celles de Toussacq seront r\u00e9colt\u00e9es apr\u00e8s la p\u00e9riode humide mais les tests de r\u00e9colte laissent \u00e0 penser que l&rsquo;on ne manquera pas de patates cet hiver! Les courges arrivent en fin de cycle et ont l&rsquo;air nombreuses et \u00e0 maturit\u00e9, les choux d&rsquo;hiver et les poireaux sont tr\u00e8s bien partis&#8230;<br \/>\nLe point noir, c&rsquo;est \u00e9videmment ce temps automnal persistant qui, ajout\u00e9 \u00e0 la chaleur du printemps et de d\u00e9but d&rsquo;\u00e9t\u00e9 qui a acc\u00e9l\u00e9r\u00e9 leur cycle, installe les l\u00e9gumes d&rsquo;\u00e9t\u00e9 dans une fin de vie anticip\u00e9e qui ne facilite pas forc\u00e9ment nos affaires pour un d\u00e9but septembre! On r\u00e9colte encore des courgettes, on a taille toutes les tomates pour que les fruits pr\u00e9sents puissent arriver \u00e0 maturit\u00e9, les aubergines et les poivrons diminuent comme peau de chagrin, sans parler des concombres, et nous avons, je pense, r\u00e9colt\u00e9 les derniers p\u00e2tissons cette semaine, vu l&rsquo;\u00e9tat des pieds&#8230;Et bien s\u00fbr on ferme les serres, comme tout automne qui ce respecte&#8230;Bref, un peu de chaleur et de soleil pour le mois qui vient ne seraient pas de trop&#8230;<\/p>\n<p>Voici votre panier :<\/p>\n<p>&#8211; Pommes de terres 1,5 kg \/ 750 g<br \/>\n&#8211; Carottes 1,2 kg \/ 600 g<br \/>\n&#8211; C\u00e9leri branche 4\/2<br \/>\n&#8211; Salades 2\/1<br \/>\n&#8211; Basilic 1\/1<br \/>\n&#8211; Oignons blancs 500 g \/ 250 g<br \/>\n&#8211; Courgettes et\/ou p\u00e2tissons, aubergines ou tomates ( nous faisons la r\u00e9partition et les derni\u00e8res r\u00e9coltes des l\u00e9gumes d&rsquo;\u00e9t\u00e9 ce matin)<\/p>\n<p>Voil\u00e0, bonne journ\u00e9e et \u00e0 ce soir!<\/p>\n<p>Marc<\/p>\n","protected":false},"excerpt":{"rendered":"<p>Salut \u00e0 tous, Bon, cette fois-ci, je ne vous oublie pas, ma t\u00eate est bien revenue avec le reste de mon corps dans les champs de Seine-et-Marne&#8230; La semaine de reprise a \u00e9t\u00e9 \u00e0 la fois pleine de satisfaction: les racines de conservation ont pouss\u00e9, carottes, c\u00e9leris, navets, radis ont l&rsquo;air au top, les betteraves &hellip; <a href=\"https:\/\/pomme-d-amap.org\/index.php\/2017\/09\/12\/distribution-du-120917\/\" class=\"more-link\">Continuer la lecture de <span class=\"screen-reader-text\">Distribution du 12\/09\/17<\/span>  <span class=\"meta-nav\">&rarr;<\/span><\/a><\/p>\n","protected":false},"author":1,"featured_media":0,"comment_status":"closed","ping_status":"closed","sticky":false,"template":"","format":"standard","meta":{"footnotes":""},"categories":[11],"tags":[],"class_list":["post-485","post","type-post","status-publish","format-standard","hentry","category-distributions"],"_links":{"self":[{"href":"https:\/\/pomme-d-amap.org\/index.php\/wp-json\/wp\/v2\/posts\/485","targetHints":{"allow":["GET"]}}],"collection":[{"href":"https:\/\/pomme-d-amap.org\/index.php\/wp-json\/wp\/v2\/posts"}],"about":[{"href":"https:\/\/pomme-d-amap.org\/index.php\/wp-json\/wp\/v2\/types\/post"}],"author":[{"embeddable":true,"href":"https:\/\/pomme-d-amap.org\/index.php\/wp-json\/wp\/v2\/users\/1"}],"replies":[{"embeddable":true,"href":"https:\/\/pomme-d-amap.org\/index.php\/wp-json\/wp\/v2\/comments?post=485"}],"version-history":[{"count":1,"href":"https:\/\/pomme-d-amap.org\/index.php\/wp-json\/wp\/v2\/posts\/485\/revisions"}],"predecessor-version":[{"id":486,"href":"https:\/\/pomme-d-amap.org\/index.php\/wp-json\/wp\/v2\/posts\/485\/revisions\/486"}],"wp:attachment":[{"href":"https:\/\/pomme-d-amap.org\/index.php\/wp-json\/wp\/v2\/media?parent=485"}],"wp:term":[{"taxonomy":"category","embeddable":true,"href":"https:\/\/pomme-d-amap.org\/index.php\/wp-json\/wp\/v2\/categories?post=485"},{"taxonomy":"post_tag","embeddable":true,"href":"https:\/\/pomme-d-amap.org\/index.php\/wp-json\/wp\/v2\/tags?post=485"}],"curies":[{"name":"wp","href":"https:\/\/api.w.org\/{rel}","templated":true}]}}