{"id":491,"date":"2017-09-19T08:53:28","date_gmt":"2017-09-19T07:53:28","guid":{"rendered":"http:\/\/pomme-d-amap.org\/?p=491"},"modified":"2017-09-19T08:53:28","modified_gmt":"2017-09-19T07:53:28","slug":"distribution-du-19092017","status":"publish","type":"post","link":"https:\/\/pomme-d-amap.org\/index.php\/2017\/09\/19\/distribution-du-19092017\/","title":{"rendered":"Distribution du 19\/09\/2017"},"content":{"rendered":"<p>Salut \u00e0 tous,<\/p>\n<div>D&rsquo;abord, comme inscrit dans le titre, un petit rappel suppl\u00e9mentaire du changement de salle ponctuel&#8230;<\/div>\n<div>Semaine difficile \u00e0 St Augustin, qui a d&rsquo;abord bien commenc\u00e9 avec les premi\u00e8res plantations d&rsquo;automne en serre (blettes, persil, m\u00e2che&#8230;), la r\u00e9colte des potimarrons, le nettoyage et la pr\u00e9paration de la chambre \u00e0 courge pour les accueillir et le binage des poireaux et des betteraves. Je me disais hier que les pluies abondantes de la semaine derni\u00e8re commen\u00e7aient \u00e0 n&rsquo;\u00eatre qu&rsquo;un mauvais souvenir et qu&rsquo;on allait bient\u00f4t pouvoir r\u00e9colter les deux derni\u00e8res planches de pommes de terre primeurs et biner les navets et les radis, mais un double orage ultra violent de deux fois dix minutes a rapidement \u00e9teint mes vell\u00e9it\u00e9s&#8230; Bref, on pataugeait hier soir et c&rsquo;\u00e9tait pas cool&#8230; En plus de l&rsquo;humidit\u00e9, les l\u00e9gumes d&rsquo;\u00e9t\u00e9 produisent leurs derniers fruits et nous r\u00e9partirons le peu que l&rsquo;on a r\u00e9colt\u00e9 ce matin dans un panier bien automnal&#8230; bref, l&rsquo;\u00e9t\u00e9 est bel et bien derri\u00e8re ! Et pour ne rien arranger, nous n&rsquo;avons toujours pas r\u00e9colt\u00e9 les pommes de terres de conservation \u00e0 Toussacq, attendant un cr\u00e9neau telle ma soeur Anne ne voyant rien venir&#8230;<\/div>\n<div>Je vous rappelle que samedi, je vous accueille \u00e0 la ferme pour entre autre r\u00e9colter des courges (le temps devrait \u00eatre cl\u00e9ment&#8230;) et attends un peu de savoir qui sera de la partie !<\/div>\n<div>Voici votre panier :<\/div>\n<div><\/div>\n<div>&#8211; Pommes de terre 1,5 kg \/ 750 g<\/div>\n<div>&#8211; Carottes 1,2 kg \/ 600 g<\/div>\n<div>&#8211; C\u00e9leri branche 4\/2<\/div>\n<div>&#8211; Salades 2\/1<\/div>\n<div>&#8211; Chou rave 1\/1<\/div>\n<div>&#8211; Oignons jaunes 500g \/ 250g<\/div>\n<div>&#8211; Courgettes et\/ou aubergines et\/ou poivrons selon r\u00e9partition (<i>tomates semaine prochaine en fonction du m\u00fbrissement)\u00a0<\/i><\/div>\n<div><i>&#8211; <\/i>Basilic 1\/1<\/div>\n<div><\/div>\n<div>Voil\u00e0, bonne journ\u00e9e et \u00e0 ce soir&#8230;. rue J.J. Rousseau&#8230;!<\/div>\n","protected":false},"excerpt":{"rendered":"<p>Salut \u00e0 tous, D&rsquo;abord, comme inscrit dans le titre, un petit rappel suppl\u00e9mentaire du changement de salle ponctuel&#8230; Semaine difficile \u00e0 St Augustin, qui a d&rsquo;abord bien commenc\u00e9 avec les premi\u00e8res plantations d&rsquo;automne en serre (blettes, persil, m\u00e2che&#8230;), la r\u00e9colte des potimarrons, le nettoyage et la pr\u00e9paration de la chambre \u00e0 courge pour les accueillir &hellip; <a href=\"https:\/\/pomme-d-amap.org\/index.php\/2017\/09\/19\/distribution-du-19092017\/\" class=\"more-link\">Continuer la lecture de <span class=\"screen-reader-text\">Distribution du 19\/09\/2017<\/span>  <span class=\"meta-nav\">&rarr;<\/span><\/a><\/p>\n","protected":false},"author":1,"featured_media":0,"comment_status":"closed","ping_status":"closed","sticky":false,"template":"","format":"standard","meta":{"footnotes":""},"categories":[11],"tags":[],"class_list":["post-491","post","type-post","status-publish","format-standard","hentry","category-distributions"],"_links":{"self":[{"href":"https:\/\/pomme-d-amap.org\/index.php\/wp-json\/wp\/v2\/posts\/491","targetHints":{"allow":["GET"]}}],"collection":[{"href":"https:\/\/pomme-d-amap.org\/index.php\/wp-json\/wp\/v2\/posts"}],"about":[{"href":"https:\/\/pomme-d-amap.org\/index.php\/wp-json\/wp\/v2\/types\/post"}],"author":[{"embeddable":true,"href":"https:\/\/pomme-d-amap.org\/index.php\/wp-json\/wp\/v2\/users\/1"}],"replies":[{"embeddable":true,"href":"https:\/\/pomme-d-amap.org\/index.php\/wp-json\/wp\/v2\/comments?post=491"}],"version-history":[{"count":1,"href":"https:\/\/pomme-d-amap.org\/index.php\/wp-json\/wp\/v2\/posts\/491\/revisions"}],"predecessor-version":[{"id":492,"href":"https:\/\/pomme-d-amap.org\/index.php\/wp-json\/wp\/v2\/posts\/491\/revisions\/492"}],"wp:attachment":[{"href":"https:\/\/pomme-d-amap.org\/index.php\/wp-json\/wp\/v2\/media?parent=491"}],"wp:term":[{"taxonomy":"category","embeddable":true,"href":"https:\/\/pomme-d-amap.org\/index.php\/wp-json\/wp\/v2\/categories?post=491"},{"taxonomy":"post_tag","embeddable":true,"href":"https:\/\/pomme-d-amap.org\/index.php\/wp-json\/wp\/v2\/tags?post=491"}],"curies":[{"name":"wp","href":"https:\/\/api.w.org\/{rel}","templated":true}]}}