{"id":508,"date":"2017-09-25T08:43:01","date_gmt":"2017-09-25T07:43:01","guid":{"rendered":"http:\/\/pomme-d-amap.org\/?p=508"},"modified":"2017-09-25T08:43:01","modified_gmt":"2017-09-25T07:43:01","slug":"recettes-vegetaliennes-gateau-coco-et-tarte-aux-oignons","status":"publish","type":"post","link":"https:\/\/pomme-d-amap.org\/index.php\/2017\/09\/25\/recettes-vegetaliennes-gateau-coco-et-tarte-aux-oignons\/","title":{"rendered":"Recettes v\u00e9g\u00e9taliennes : g\u00e2teau coco et tarte aux oignons"},"content":{"rendered":"<p>Au menu du pique-nique samedi \u00e0 Saint-Augustin, il y avait entre autres 2 recettes v\u00e9g\u00e9taliennes qui ont connu un franc succ\u00e8s !!<\/p>\n<p>Le g\u00e2teau coco fait par Eleonora, dont voici la recette sur le site de la <a href=\"https:\/\/lafeestephanie.blogspot.fr\/2017\/05\/gateau-coco-moelleux-et-gourmand.html\">F\u00e9\u00e9 St\u00e9phanie<\/a>.<\/p>\n<p>La tarte aux oignons faite par Marie, inspir\u00e9e de plusieurs recettes, avec une p\u00e2te v\u00e9g\u00e9talienne prise sur ce <a href=\"https:\/\/www.unegeeketteencuisine.com\/2015\/10\/19\/pate-a-tarte-brisee-vegan-a-lhuile-dolive-et-a-lorigan\/\">site<\/a> sauf que je n&rsquo;ai mis que 10cl d&rsquo;huile (au lieu de 50). Pour le reste, j&rsquo;ai fait revenir 1kg d&rsquo;oignons dans un peu d&rsquo;huile d&rsquo;olive pendant 15-20 minutes le temps qu&rsquo;ils dorent bien. J&rsquo;ai rajout\u00e9 en milieu de cuisson 2 poign\u00e9es de raisins secs que j&rsquo;avais pr\u00e9alablement fait tremper 1\/4h. Puis j&rsquo;ai \u00e9tal\u00e9 la p\u00e2te dans un moule huil\u00e9, recouvert d&rsquo;oignons cuits et mis le tout au four \u00e0 200\u00b0C pendant 40minutes environ.<\/p>\n<p>A vous de jouer !<\/p>\n","protected":false},"excerpt":{"rendered":"<p>Au menu du pique-nique samedi \u00e0 Saint-Augustin, il y avait entre autres 2 recettes v\u00e9g\u00e9taliennes qui ont connu un franc succ\u00e8s !! Le g\u00e2teau coco fait par Eleonora, dont voici la recette sur le site de la F\u00e9\u00e9 St\u00e9phanie. La tarte aux oignons faite par Marie, inspir\u00e9e de plusieurs recettes, avec une p\u00e2te v\u00e9g\u00e9talienne prise &hellip; <a href=\"https:\/\/pomme-d-amap.org\/index.php\/2017\/09\/25\/recettes-vegetaliennes-gateau-coco-et-tarte-aux-oignons\/\" class=\"more-link\">Continuer la lecture de <span class=\"screen-reader-text\">Recettes v\u00e9g\u00e9taliennes : g\u00e2teau coco et tarte aux oignons<\/span>  <span class=\"meta-nav\">&rarr;<\/span><\/a><\/p>\n","protected":false},"author":1,"featured_media":0,"comment_status":"closed","ping_status":"closed","sticky":false,"template":"","format":"standard","meta":{"footnotes":""},"categories":[1],"tags":[],"class_list":["post-508","post","type-post","status-publish","format-standard","hentry","category-recettes"],"_links":{"self":[{"href":"https:\/\/pomme-d-amap.org\/index.php\/wp-json\/wp\/v2\/posts\/508","targetHints":{"allow":["GET"]}}],"collection":[{"href":"https:\/\/pomme-d-amap.org\/index.php\/wp-json\/wp\/v2\/posts"}],"about":[{"href":"https:\/\/pomme-d-amap.org\/index.php\/wp-json\/wp\/v2\/types\/post"}],"author":[{"embeddable":true,"href":"https:\/\/pomme-d-amap.org\/index.php\/wp-json\/wp\/v2\/users\/1"}],"replies":[{"embeddable":true,"href":"https:\/\/pomme-d-amap.org\/index.php\/wp-json\/wp\/v2\/comments?post=508"}],"version-history":[{"count":1,"href":"https:\/\/pomme-d-amap.org\/index.php\/wp-json\/wp\/v2\/posts\/508\/revisions"}],"predecessor-version":[{"id":509,"href":"https:\/\/pomme-d-amap.org\/index.php\/wp-json\/wp\/v2\/posts\/508\/revisions\/509"}],"wp:attachment":[{"href":"https:\/\/pomme-d-amap.org\/index.php\/wp-json\/wp\/v2\/media?parent=508"}],"wp:term":[{"taxonomy":"category","embeddable":true,"href":"https:\/\/pomme-d-amap.org\/index.php\/wp-json\/wp\/v2\/categories?post=508"},{"taxonomy":"post_tag","embeddable":true,"href":"https:\/\/pomme-d-amap.org\/index.php\/wp-json\/wp\/v2\/tags?post=508"}],"curies":[{"name":"wp","href":"https:\/\/api.w.org\/{rel}","templated":true}]}}