{"id":514,"date":"2017-10-03T08:25:23","date_gmt":"2017-10-03T07:25:23","guid":{"rendered":"http:\/\/pomme-d-amap.org\/?p=514"},"modified":"2017-10-03T08:25:23","modified_gmt":"2017-10-03T07:25:23","slug":"distribution-du-03102017","status":"publish","type":"post","link":"https:\/\/pomme-d-amap.org\/index.php\/2017\/10\/03\/distribution-du-03102017\/","title":{"rendered":"Distribution du 03\/10\/2017"},"content":{"rendered":"<p>Salut \u00e0 tous,<\/p>\n<p>Des fois, il m&rsquo;arrive de vous dire que la saison se joue entre avril et juillet et que le gros du travail se situe \u00e0 ce moment l\u00e0&#8230; On a tendance \u00e0 oublier, m\u00eame avec l&rsquo;exp\u00e9rience, que les mois de septembre \/ octobre et les grosses r\u00e9coltes qui y sont accol\u00e9es vont continuer \u00e0 nous scotcher au travail de mani\u00e8re continue&#8230; Nous avons enfin r\u00e9colt\u00e9 les patates de Toussacq o\u00f9 j&rsquo;ai pass\u00e9 deux jours, et entre course contre la pluie, avarie de machines et triage en continu, j&rsquo;ai fini avec un gros mal de t\u00eate ! Le lendemain, stockage des courges en pallox et rentr\u00e9e dans le hangar avant la pluie de 8h30 \u00e0 20h, dernier pallox rentr\u00e9 aux phares du tracteur et 15 mm d&rsquo;eau 2 h plus tard&#8230; Bref, une arri\u00e8re saison tranquille&#8230; Pour le reste, c&rsquo;est routine !<br \/>\nLes tomates ont repris des couleurs avant de rendre l&rsquo;\u00e2me et vous en aurez droit \u00e0 nouveau ce soir, les courgettes ont dit au revoir, les aubergines s&rsquo;en vont et les brocolis arrivent !<br \/>\nVoici votre panier :<\/p>\n<p>&#8211; Tomates 1,1 kg \/ 550 g<br \/>\n&#8211; Pommes de terres 1,5 kg \/ 750 g<br \/>\n&#8211; Carottes 1,2 kg \/ 600 g<br \/>\n&#8211; Scarole 1\/1<br \/>\n&#8211; Oignons doux 500 g \/ 250 g<br \/>\n&#8211; Potimarron 1 \/ 1\/2<br \/>\n&#8211; Brocoli 1 (grand panier) &#8211; Petit chou rouge 1 (petit panier)<br \/>\n&#8211; Thym 1\/1<br \/>\n&#8211; Basilic en fin de cycle en vrac pour pesto et autre douceur<\/p>\n<p>Voil\u00e0, bonne journ\u00e9e et \u00e0 ce soir&#8230; salle Voltaire !!<\/p>\n<p>Marc<\/p>\n","protected":false},"excerpt":{"rendered":"<p>Salut \u00e0 tous, Des fois, il m&rsquo;arrive de vous dire que la saison se joue entre avril et juillet et que le gros du travail se situe \u00e0 ce moment l\u00e0&#8230; On a tendance \u00e0 oublier, m\u00eame avec l&rsquo;exp\u00e9rience, que les mois de septembre \/ octobre et les grosses r\u00e9coltes qui y sont accol\u00e9es vont &hellip; <a href=\"https:\/\/pomme-d-amap.org\/index.php\/2017\/10\/03\/distribution-du-03102017\/\" class=\"more-link\">Continuer la lecture de <span class=\"screen-reader-text\">Distribution du 03\/10\/2017<\/span>  <span class=\"meta-nav\">&rarr;<\/span><\/a><\/p>\n","protected":false},"author":1,"featured_media":0,"comment_status":"closed","ping_status":"closed","sticky":false,"template":"","format":"standard","meta":{"footnotes":""},"categories":[11],"tags":[],"class_list":["post-514","post","type-post","status-publish","format-standard","hentry","category-distributions"],"_links":{"self":[{"href":"https:\/\/pomme-d-amap.org\/index.php\/wp-json\/wp\/v2\/posts\/514","targetHints":{"allow":["GET"]}}],"collection":[{"href":"https:\/\/pomme-d-amap.org\/index.php\/wp-json\/wp\/v2\/posts"}],"about":[{"href":"https:\/\/pomme-d-amap.org\/index.php\/wp-json\/wp\/v2\/types\/post"}],"author":[{"embeddable":true,"href":"https:\/\/pomme-d-amap.org\/index.php\/wp-json\/wp\/v2\/users\/1"}],"replies":[{"embeddable":true,"href":"https:\/\/pomme-d-amap.org\/index.php\/wp-json\/wp\/v2\/comments?post=514"}],"version-history":[{"count":1,"href":"https:\/\/pomme-d-amap.org\/index.php\/wp-json\/wp\/v2\/posts\/514\/revisions"}],"predecessor-version":[{"id":515,"href":"https:\/\/pomme-d-amap.org\/index.php\/wp-json\/wp\/v2\/posts\/514\/revisions\/515"}],"wp:attachment":[{"href":"https:\/\/pomme-d-amap.org\/index.php\/wp-json\/wp\/v2\/media?parent=514"}],"wp:term":[{"taxonomy":"category","embeddable":true,"href":"https:\/\/pomme-d-amap.org\/index.php\/wp-json\/wp\/v2\/categories?post=514"},{"taxonomy":"post_tag","embeddable":true,"href":"https:\/\/pomme-d-amap.org\/index.php\/wp-json\/wp\/v2\/tags?post=514"}],"curies":[{"name":"wp","href":"https:\/\/api.w.org\/{rel}","templated":true}]}}