{"id":521,"date":"2017-10-24T09:18:09","date_gmt":"2017-10-24T08:18:09","guid":{"rendered":"http:\/\/pomme-d-amap.org\/?p=521"},"modified":"2017-10-24T09:18:09","modified_gmt":"2017-10-24T08:18:09","slug":"distribution-du-241017","status":"publish","type":"post","link":"https:\/\/pomme-d-amap.org\/index.php\/2017\/10\/24\/distribution-du-241017\/","title":{"rendered":"Distribution du 24\/10\/17"},"content":{"rendered":"<p>Salut \u00e0 tous,<\/p>\n<div>Rapidement, car \u00e0 la bourre, un petit mot pour vous donner votre panier apr\u00e8s une semaine o\u00f9 se sont succ\u00e9d\u00e9s semis de roquette en motte, semis de radis, semis d&rsquo;engrais vert, d\u00e9but d&rsquo;arrachage des pieds de tomates, d\u00e9but de montage de la serre bi-tunnel, r\u00e9coltes, fin du rangement des courges et rangement de la parcelle.<\/div>\n<div>Je rebondis sur le mail que vous a adress\u00e9 Marie pour en rajouter une petite couche: Je n&rsquo;ai eu <b>AUCUN <\/b>retour pour la r\u00e9colte de carottes de samedi.Que ceux qui viennent me le fasse savoir que je puisse compter les troupes. Une autre date sera mise en place courant novembre pour les absents mais en attendant, il y a 17 planches de carottes \u00e0 rentrer dans le frigo avant le gel&#8230;<\/div>\n<div>Voici votre panier :<\/div>\n<div><\/div>\n<div>&#8211; Pommes de terre 1,5 kg \/ 750 g<\/div>\n<div>&#8211; Poireaux 3\/2<\/div>\n<div>&#8211; Choux kale (quantit\u00e9 selon r\u00e9colte)<\/div>\n<div>&#8211; Laitues 2\/1<\/div>\n<div>&#8211; Oignons doux 400 g \/ 200 g<\/div>\n<div>&#8211; Ail en frac <i>(je vous mets des t\u00eates d&rsquo;ail d\u00e9j\u00e0 atteintes par un d\u00e9but de pourriture mais o\u00f9 il reste pas mal de cailleux)<\/i><\/div>\n<div>&#8211; Courge spaghetti 1 \/ 1\/2 ou\u00a0 une petite<\/div>\n<div>&#8211; Persil 1 \/ 1<\/div>\n<div>&#8211; Haricots verts (\u00e0 peser, selon r\u00e9colte)<\/div>\n<div><\/div>\n<div>Voil\u00e0, bonne journ\u00e9e et \u00e0 ce soir !<\/div>\n<div><\/div>\n<div>Marc<\/div>\n","protected":false},"excerpt":{"rendered":"<p>Salut \u00e0 tous, Rapidement, car \u00e0 la bourre, un petit mot pour vous donner votre panier apr\u00e8s une semaine o\u00f9 se sont succ\u00e9d\u00e9s semis de roquette en motte, semis de radis, semis d&rsquo;engrais vert, d\u00e9but d&rsquo;arrachage des pieds de tomates, d\u00e9but de montage de la serre bi-tunnel, r\u00e9coltes, fin du rangement des courges et rangement &hellip; <a href=\"https:\/\/pomme-d-amap.org\/index.php\/2017\/10\/24\/distribution-du-241017\/\" class=\"more-link\">Continuer la lecture de <span class=\"screen-reader-text\">Distribution du 24\/10\/17<\/span>  <span class=\"meta-nav\">&rarr;<\/span><\/a><\/p>\n","protected":false},"author":1,"featured_media":0,"comment_status":"closed","ping_status":"closed","sticky":false,"template":"","format":"standard","meta":{"footnotes":""},"categories":[11],"tags":[],"class_list":["post-521","post","type-post","status-publish","format-standard","hentry","category-distributions"],"_links":{"self":[{"href":"https:\/\/pomme-d-amap.org\/index.php\/wp-json\/wp\/v2\/posts\/521","targetHints":{"allow":["GET"]}}],"collection":[{"href":"https:\/\/pomme-d-amap.org\/index.php\/wp-json\/wp\/v2\/posts"}],"about":[{"href":"https:\/\/pomme-d-amap.org\/index.php\/wp-json\/wp\/v2\/types\/post"}],"author":[{"embeddable":true,"href":"https:\/\/pomme-d-amap.org\/index.php\/wp-json\/wp\/v2\/users\/1"}],"replies":[{"embeddable":true,"href":"https:\/\/pomme-d-amap.org\/index.php\/wp-json\/wp\/v2\/comments?post=521"}],"version-history":[{"count":1,"href":"https:\/\/pomme-d-amap.org\/index.php\/wp-json\/wp\/v2\/posts\/521\/revisions"}],"predecessor-version":[{"id":522,"href":"https:\/\/pomme-d-amap.org\/index.php\/wp-json\/wp\/v2\/posts\/521\/revisions\/522"}],"wp:attachment":[{"href":"https:\/\/pomme-d-amap.org\/index.php\/wp-json\/wp\/v2\/media?parent=521"}],"wp:term":[{"taxonomy":"category","embeddable":true,"href":"https:\/\/pomme-d-amap.org\/index.php\/wp-json\/wp\/v2\/categories?post=521"},{"taxonomy":"post_tag","embeddable":true,"href":"https:\/\/pomme-d-amap.org\/index.php\/wp-json\/wp\/v2\/tags?post=521"}],"curies":[{"name":"wp","href":"https:\/\/api.w.org\/{rel}","templated":true}]}}