{"id":526,"date":"2017-11-07T09:28:06","date_gmt":"2017-11-07T08:28:06","guid":{"rendered":"http:\/\/pomme-d-amap.org\/?p=526"},"modified":"2017-11-07T09:28:06","modified_gmt":"2017-11-07T08:28:06","slug":"distribution-du-071117","status":"publish","type":"post","link":"https:\/\/pomme-d-amap.org\/index.php\/2017\/11\/07\/distribution-du-071117\/","title":{"rendered":"Distribution du 07\/11\/17"},"content":{"rendered":"<p>Salut \u00e0 tous,<\/p>\n<p>Le froid revient petit \u00e0 petit et les premi\u00e8res petites gel\u00e9es avec, il semble que les journ\u00e9es sans bonnet soient derri\u00e8re nous&#8230; Le rythme est assez bizarre \u00e0 St Augustin, le fr\u00e9quence des semis et plantation diminuant comme chaque hiver mais un nombre consid\u00e9rable de racines restant \u00e0 rentrer&#8230; Le montage de la serre bi-tunnel continue \u00e0 avancer, nous avons arrach\u00e9 la plupart des pieds de tomates et travaill\u00e9 le sol en serre pour les semis de carottes \u00e0 venir et rang\u00e9 la chambre froide pour le stockage des racines.<br \/>\nPour samedi 11, plusieurs d&rsquo;entre vous se sont port\u00e9s volontaires, n&rsquo;h\u00e9sitez-pas \u00e0 profiter des voitures&#8230;<br \/>\nVoici votre panier :<\/p>\n<p>&#8211; Pommes de terre 1,5 kg \/ 750 g<br \/>\n&#8211; Carottes 1,2 kg \/ 600 g<br \/>\n&#8211; Chou blanc 1 \/1\/2<br \/>\n&#8211; \u00c9chalotes 300 g \/ 150 g<br \/>\n&#8211; \u00c9pinards (quantit\u00e9 selon r\u00e9colte)<br \/>\n&#8211; Laitues 1\/1<br \/>\n&#8211; Persil 1\/1<br \/>\n&#8211; Poireaux 3\/2<\/p>\n<p>Voil\u00e0, bonne journ\u00e9e et \u00e0 ce soir !<\/p>\n<p>Marc<\/p>\n","protected":false},"excerpt":{"rendered":"<p>Salut \u00e0 tous, Le froid revient petit \u00e0 petit et les premi\u00e8res petites gel\u00e9es avec, il semble que les journ\u00e9es sans bonnet soient derri\u00e8re nous&#8230; Le rythme est assez bizarre \u00e0 St Augustin, le fr\u00e9quence des semis et plantation diminuant comme chaque hiver mais un nombre consid\u00e9rable de racines restant \u00e0 rentrer&#8230; Le montage de &hellip; <a href=\"https:\/\/pomme-d-amap.org\/index.php\/2017\/11\/07\/distribution-du-071117\/\" class=\"more-link\">Continuer la lecture de <span class=\"screen-reader-text\">Distribution du 07\/11\/17<\/span>  <span class=\"meta-nav\">&rarr;<\/span><\/a><\/p>\n","protected":false},"author":1,"featured_media":0,"comment_status":"closed","ping_status":"closed","sticky":false,"template":"","format":"standard","meta":{"footnotes":""},"categories":[11],"tags":[],"class_list":["post-526","post","type-post","status-publish","format-standard","hentry","category-distributions"],"_links":{"self":[{"href":"https:\/\/pomme-d-amap.org\/index.php\/wp-json\/wp\/v2\/posts\/526","targetHints":{"allow":["GET"]}}],"collection":[{"href":"https:\/\/pomme-d-amap.org\/index.php\/wp-json\/wp\/v2\/posts"}],"about":[{"href":"https:\/\/pomme-d-amap.org\/index.php\/wp-json\/wp\/v2\/types\/post"}],"author":[{"embeddable":true,"href":"https:\/\/pomme-d-amap.org\/index.php\/wp-json\/wp\/v2\/users\/1"}],"replies":[{"embeddable":true,"href":"https:\/\/pomme-d-amap.org\/index.php\/wp-json\/wp\/v2\/comments?post=526"}],"version-history":[{"count":1,"href":"https:\/\/pomme-d-amap.org\/index.php\/wp-json\/wp\/v2\/posts\/526\/revisions"}],"predecessor-version":[{"id":527,"href":"https:\/\/pomme-d-amap.org\/index.php\/wp-json\/wp\/v2\/posts\/526\/revisions\/527"}],"wp:attachment":[{"href":"https:\/\/pomme-d-amap.org\/index.php\/wp-json\/wp\/v2\/media?parent=526"}],"wp:term":[{"taxonomy":"category","embeddable":true,"href":"https:\/\/pomme-d-amap.org\/index.php\/wp-json\/wp\/v2\/categories?post=526"},{"taxonomy":"post_tag","embeddable":true,"href":"https:\/\/pomme-d-amap.org\/index.php\/wp-json\/wp\/v2\/tags?post=526"}],"curies":[{"name":"wp","href":"https:\/\/api.w.org\/{rel}","templated":true}]}}