{"id":556,"date":"2017-11-21T09:21:38","date_gmt":"2017-11-21T08:21:38","guid":{"rendered":"http:\/\/pomme-d-amap.org\/?p=556"},"modified":"2017-11-21T09:21:38","modified_gmt":"2017-11-21T08:21:38","slug":"distribution-du-211117","status":"publish","type":"post","link":"https:\/\/pomme-d-amap.org\/index.php\/2017\/11\/21\/distribution-du-211117\/","title":{"rendered":"Distribution du 21\/11\/17"},"content":{"rendered":"<p>Salut \u00e0 tous,<\/p>\n<p>Apr\u00e8s cette belle AG gourmande et pleine de d\u00e9bats enflamm\u00e9s, retour au quotidien hivernal avec semis de carottes, plantation de m\u00e2che et d&rsquo;ail en serre et r\u00e9coltes des racines encore et encore (navets, radis, betteraves). Pas mal de travail encore avant la fin de l&rsquo;ann\u00e9e (il reste des betteraves, des c\u00e9leris et diff\u00e9rents types de choux \u00e0 stocker) en esp\u00e9rant que le gel se fasse attendre&#8230;<br \/>\nPour la journ\u00e9e de samedi, pour rebondir sur le mail de Marie, j&rsquo;ai compt\u00e9 de mon c\u00f4t\u00e9 : Sylvain, Rapha\u00ebl, M\u00e9laine, Rabe, Anne-Sophie, J\u00e9r\u00f4me, Ga\u00eblle, Eleonora. Merci de confirmer votre pr\u00e9sence et pour ceux qu&rsquo;on aurait oubli\u00e9 ou qui ont une soudaine envie de r\u00e9colter des carottes, de le faire savoir !<br \/>\nJe vous rappelle \u00e9galement que vendredi 24, c&rsquo;est la premi\u00e8re soir\u00e9e festive \/ projections co-organis\u00e9e avec l&rsquo;Adesaf sur le th\u00e8me du S\u00e9n\u00e9gal. Comme vous nous l&rsquo;avons indiqu\u00e9 lors de l&rsquo;AG, quelques malentendus lors de l&rsquo;organisation ont failli faire capoter la soir\u00e9e, et peu de pr\u00e9sence pourrait lui faire faire flop&#8230; alors on boit un coup \u00e0 Robespierre \u00e0 partir de 19h vendredi ???<br \/>\nVoici votre panier :<\/p>\n<p>&#8211; Pomme de terre 1,5 kg<br \/>\n&#8211; Carottes 1,2 kg<br \/>\n&#8211; Courge Spaghetti 1 \/ 1\/2 ou 1 petite<br \/>\n&#8211; Oignons cuisse de poulet 400 g \/ 200 g<br \/>\n&#8211; Navets violets 800 g \/ 400 g<br \/>\n&#8211; Choux chinois (selon r\u00e9colte)<br \/>\n&#8211; Mesclun ou laitues (selon r\u00e9colte)<br \/>\n&#8211; Fenouil (au poids)<\/p>\n<p>Voil\u00e0, bonne journ\u00e9e et \u00e0 ce soir !<\/p>\n<p>Marc<\/p>\n","protected":false},"excerpt":{"rendered":"<p>Salut \u00e0 tous, Apr\u00e8s cette belle AG gourmande et pleine de d\u00e9bats enflamm\u00e9s, retour au quotidien hivernal avec semis de carottes, plantation de m\u00e2che et d&rsquo;ail en serre et r\u00e9coltes des racines encore et encore (navets, radis, betteraves). Pas mal de travail encore avant la fin de l&rsquo;ann\u00e9e (il reste des betteraves, des c\u00e9leris et &hellip; <a href=\"https:\/\/pomme-d-amap.org\/index.php\/2017\/11\/21\/distribution-du-211117\/\" class=\"more-link\">Continuer la lecture de <span class=\"screen-reader-text\">Distribution du 21\/11\/17<\/span>  <span class=\"meta-nav\">&rarr;<\/span><\/a><\/p>\n","protected":false},"author":1,"featured_media":0,"comment_status":"closed","ping_status":"closed","sticky":false,"template":"","format":"standard","meta":{"footnotes":""},"categories":[11],"tags":[],"class_list":["post-556","post","type-post","status-publish","format-standard","hentry","category-distributions"],"_links":{"self":[{"href":"https:\/\/pomme-d-amap.org\/index.php\/wp-json\/wp\/v2\/posts\/556","targetHints":{"allow":["GET"]}}],"collection":[{"href":"https:\/\/pomme-d-amap.org\/index.php\/wp-json\/wp\/v2\/posts"}],"about":[{"href":"https:\/\/pomme-d-amap.org\/index.php\/wp-json\/wp\/v2\/types\/post"}],"author":[{"embeddable":true,"href":"https:\/\/pomme-d-amap.org\/index.php\/wp-json\/wp\/v2\/users\/1"}],"replies":[{"embeddable":true,"href":"https:\/\/pomme-d-amap.org\/index.php\/wp-json\/wp\/v2\/comments?post=556"}],"version-history":[{"count":1,"href":"https:\/\/pomme-d-amap.org\/index.php\/wp-json\/wp\/v2\/posts\/556\/revisions"}],"predecessor-version":[{"id":557,"href":"https:\/\/pomme-d-amap.org\/index.php\/wp-json\/wp\/v2\/posts\/556\/revisions\/557"}],"wp:attachment":[{"href":"https:\/\/pomme-d-amap.org\/index.php\/wp-json\/wp\/v2\/media?parent=556"}],"wp:term":[{"taxonomy":"category","embeddable":true,"href":"https:\/\/pomme-d-amap.org\/index.php\/wp-json\/wp\/v2\/categories?post=556"},{"taxonomy":"post_tag","embeddable":true,"href":"https:\/\/pomme-d-amap.org\/index.php\/wp-json\/wp\/v2\/tags?post=556"}],"curies":[{"name":"wp","href":"https:\/\/api.w.org\/{rel}","templated":true}]}}