{"id":610,"date":"2018-01-16T09:22:54","date_gmt":"2018-01-16T08:22:54","guid":{"rendered":"http:\/\/pomme-d-amap.org\/?p=610"},"modified":"2018-01-16T09:22:54","modified_gmt":"2018-01-16T08:22:54","slug":"distribution-du-16-01-18","status":"publish","type":"post","link":"https:\/\/pomme-d-amap.org\/index.php\/2018\/01\/16\/distribution-du-16-01-18\/","title":{"rendered":"Distribution du 16\/01\/18"},"content":{"rendered":"<p>Salut \u00e0 tous,<\/p>\n<p>Il fait beau, hein ?&#8230;. Que la vie de mara\u00eecher devient compliqu\u00e9e lorsque le temps est aussi ex\u00e9crable! Et puis, on est bien g\u00e2t\u00e9 depuis fin ao\u00fbt&#8230;Les paysages changent, les sensations changent, les perspectives changent et on voit le temps passer sans que l&rsquo;on puisse intervenir sur la pr\u00e9paration du sol en plein champ et on commence le d\u00e9compte qui va nous mener au mois de mars et aux premi\u00e8res grosses plantations ext\u00e9rieures&#8230; Bref, vivement l&rsquo;accalmie&#8230; En attendant, je garde espoir que certains jours soient plus favorables et vu les conditions difficiles de la fin d&rsquo;ann\u00e9e et le peu de participation aux chantiers carottes, j&rsquo;aimerai en refaire un petit le samedi 27\/01 ou le samedi 3\/02. Deux conditions: Qu&rsquo;il fasse beau ou tout du moins pas mauvais et qu&rsquo;on puisse \u00eatre minimum 5 ou 6 que \u00e7a serve vraiment \u00e0 quelque chose&#8230; Que les volontaires se fassent conna\u00eetre qu&rsquo;on puisse anticiper au cas o\u00f9 !<br \/>\nSinon, il y a quand m\u00eame du boulot! Lucile, que certains d&rsquo;entre vous ont rencontr\u00e9 a commenc\u00e9 son stage longue dur\u00e9e avec moi avec une pr\u00e9sence de 3 \u00e0 4 jours par semaine pendant son BPREA, c&rsquo;est le top! On a plant\u00e9 Laitues et m\u00e2che en serre, on pr\u00e9pare les planches pour les plantations \u00e0 venir sous abri, on range hangar et parcelle et le rythme commence doucement \u00e0 s\u2019acc\u00e9l\u00e9rer&#8230; Voici votre panier :<\/p>\n<p>&#8211; Pommes de terre 1,5 kg \/ 750 g<br \/>\n&#8211; Carottes 1,2 kg \/ 600 g<br \/>\n&#8211; Choux blanc 2 kg \/ 1 kg environ<br \/>\n&#8211; \u00c9chalotes 300 g \/ 150 g<br \/>\n&#8211; Poireaux 420 g \/ 210 g<br \/>\n&#8211; Mesclun (quantit\u00e9 selon r\u00e9colte)<br \/>\n&#8211; Radis Da\u00efkon ou green meat 1\/1<\/p>\n<p>Voil\u00e0, bonne journ\u00e9e et \u00e0 ce soir !<\/p>\n<p>Marc<\/p>\n","protected":false},"excerpt":{"rendered":"<p>Salut \u00e0 tous, Il fait beau, hein ?&#8230;. Que la vie de mara\u00eecher devient compliqu\u00e9e lorsque le temps est aussi ex\u00e9crable! Et puis, on est bien g\u00e2t\u00e9 depuis fin ao\u00fbt&#8230;Les paysages changent, les sensations changent, les perspectives changent et on voit le temps passer sans que l&rsquo;on puisse intervenir sur la pr\u00e9paration du sol en &hellip; <a href=\"https:\/\/pomme-d-amap.org\/index.php\/2018\/01\/16\/distribution-du-16-01-18\/\" class=\"more-link\">Continuer la lecture de <span class=\"screen-reader-text\">Distribution du 16\/01\/18<\/span>  <span class=\"meta-nav\">&rarr;<\/span><\/a><\/p>\n","protected":false},"author":1,"featured_media":0,"comment_status":"closed","ping_status":"closed","sticky":false,"template":"","format":"standard","meta":{"footnotes":""},"categories":[11],"tags":[],"class_list":["post-610","post","type-post","status-publish","format-standard","hentry","category-distributions"],"_links":{"self":[{"href":"https:\/\/pomme-d-amap.org\/index.php\/wp-json\/wp\/v2\/posts\/610","targetHints":{"allow":["GET"]}}],"collection":[{"href":"https:\/\/pomme-d-amap.org\/index.php\/wp-json\/wp\/v2\/posts"}],"about":[{"href":"https:\/\/pomme-d-amap.org\/index.php\/wp-json\/wp\/v2\/types\/post"}],"author":[{"embeddable":true,"href":"https:\/\/pomme-d-amap.org\/index.php\/wp-json\/wp\/v2\/users\/1"}],"replies":[{"embeddable":true,"href":"https:\/\/pomme-d-amap.org\/index.php\/wp-json\/wp\/v2\/comments?post=610"}],"version-history":[{"count":1,"href":"https:\/\/pomme-d-amap.org\/index.php\/wp-json\/wp\/v2\/posts\/610\/revisions"}],"predecessor-version":[{"id":611,"href":"https:\/\/pomme-d-amap.org\/index.php\/wp-json\/wp\/v2\/posts\/610\/revisions\/611"}],"wp:attachment":[{"href":"https:\/\/pomme-d-amap.org\/index.php\/wp-json\/wp\/v2\/media?parent=610"}],"wp:term":[{"taxonomy":"category","embeddable":true,"href":"https:\/\/pomme-d-amap.org\/index.php\/wp-json\/wp\/v2\/categories?post=610"},{"taxonomy":"post_tag","embeddable":true,"href":"https:\/\/pomme-d-amap.org\/index.php\/wp-json\/wp\/v2\/tags?post=610"}],"curies":[{"name":"wp","href":"https:\/\/api.w.org\/{rel}","templated":true}]}}