{"id":615,"date":"2018-01-30T09:49:22","date_gmt":"2018-01-30T08:49:22","guid":{"rendered":"http:\/\/pomme-d-amap.org\/?p=615"},"modified":"2018-01-30T09:49:22","modified_gmt":"2018-01-30T08:49:22","slug":"distribution-du-30-01-18","status":"publish","type":"post","link":"https:\/\/pomme-d-amap.org\/index.php\/2018\/01\/30\/distribution-du-30-01-18\/","title":{"rendered":"Distribution du 30\/01\/18"},"content":{"rendered":"<p>Salut \u00e0 tous,<\/p>\n<p>Ah, c&rsquo;\u00e9tait bien ! Beau samedi ensoleill\u00e9 \u00e0 St Augustin, de belles lumi\u00e8res nous ont accompagn\u00e9s pendant toute la r\u00e9colte des carottes&#8230; Non, je d\u00e9conne&#8230; Un brouillard opaque et non pr\u00e9vu a d\u00e9cid\u00e9 de ne pas se lever de la journ\u00e9e et de nous entourer de son humidit\u00e9, comme pour nous passer un message:\u00a0\u00bbVous vous croyez au printemps ??\u00a0\u00bb. Bon, on a r\u00e9ussi \u00e0 bosser quand m\u00eame, le pique-nique traditionnel \u00e9tait au rendez-vous et nous avons rentr\u00e9 au frigo un pallox de carottes, \u00e9quivalent de deux planches suppl\u00e9mentaires. Un grand merci \u00e0 tous ceux qui se sont d\u00e9plac\u00e9s! Il reste des carottes en terre, malheureusement et nous tenterons de refaire un chantier fin f\u00e9vrier d\u00e9but mars, pas cette semaine, ni pendant la p\u00e9riode de vacances scolaires, mais quand nous aurons un peu plus de sec. A propos de vacances, je vous rappelle, comme stipul\u00e9 dans vos contrats, qu&rsquo;il n&rsquo;y a pas de distribution le mardi 20 f\u00e9vrier, et qu&rsquo;une double distrib est organis\u00e9e le 13 f\u00e9vrier en compensation. Que ceux qui prennent habituellement leur part de r\u00e9colte une semaine sur deux s&rsquo;organisent !<br \/>\nA part les carottes, les travaux d&rsquo;hiver continuent \u00e0 la ferme: Pr\u00e9paration de planches, d\u00e9sherbage des semis de carottes, plantation de pommes de terre en serre&#8230;.\u00e7a continue !<br \/>\nVoici votre panier :<\/p>\n<p>&#8211; Carottes 1,5 kg \/ 750 g<br \/>\n&#8211; C\u00e9leri rave 2\/1<br \/>\n&#8211; Navets 800 g \/ 400 g<br \/>\n&#8211; Oignons jaunes 500 g \/ 250 g<br \/>\n&#8211; Poireaux 600 g \/ 300 g<br \/>\n&#8211; Cresson (quantit\u00e9 selon r\u00e9colte)<\/p>\n<p>Voil\u00e0, bonne journ\u00e9e et \u00e0 ce soir !<\/p>\n<p>Marc<\/p>\n","protected":false},"excerpt":{"rendered":"<p>Salut \u00e0 tous, Ah, c&rsquo;\u00e9tait bien ! Beau samedi ensoleill\u00e9 \u00e0 St Augustin, de belles lumi\u00e8res nous ont accompagn\u00e9s pendant toute la r\u00e9colte des carottes&#8230; Non, je d\u00e9conne&#8230; Un brouillard opaque et non pr\u00e9vu a d\u00e9cid\u00e9 de ne pas se lever de la journ\u00e9e et de nous entourer de son humidit\u00e9, comme pour nous passer &hellip; <a href=\"https:\/\/pomme-d-amap.org\/index.php\/2018\/01\/30\/distribution-du-30-01-18\/\" class=\"more-link\">Continuer la lecture de <span class=\"screen-reader-text\">Distribution du 30\/01\/18<\/span>  <span class=\"meta-nav\">&rarr;<\/span><\/a><\/p>\n","protected":false},"author":1,"featured_media":0,"comment_status":"closed","ping_status":"closed","sticky":false,"template":"","format":"standard","meta":{"footnotes":""},"categories":[11],"tags":[],"class_list":["post-615","post","type-post","status-publish","format-standard","hentry","category-distributions"],"_links":{"self":[{"href":"https:\/\/pomme-d-amap.org\/index.php\/wp-json\/wp\/v2\/posts\/615","targetHints":{"allow":["GET"]}}],"collection":[{"href":"https:\/\/pomme-d-amap.org\/index.php\/wp-json\/wp\/v2\/posts"}],"about":[{"href":"https:\/\/pomme-d-amap.org\/index.php\/wp-json\/wp\/v2\/types\/post"}],"author":[{"embeddable":true,"href":"https:\/\/pomme-d-amap.org\/index.php\/wp-json\/wp\/v2\/users\/1"}],"replies":[{"embeddable":true,"href":"https:\/\/pomme-d-amap.org\/index.php\/wp-json\/wp\/v2\/comments?post=615"}],"version-history":[{"count":1,"href":"https:\/\/pomme-d-amap.org\/index.php\/wp-json\/wp\/v2\/posts\/615\/revisions"}],"predecessor-version":[{"id":616,"href":"https:\/\/pomme-d-amap.org\/index.php\/wp-json\/wp\/v2\/posts\/615\/revisions\/616"}],"wp:attachment":[{"href":"https:\/\/pomme-d-amap.org\/index.php\/wp-json\/wp\/v2\/media?parent=615"}],"wp:term":[{"taxonomy":"category","embeddable":true,"href":"https:\/\/pomme-d-amap.org\/index.php\/wp-json\/wp\/v2\/categories?post=615"},{"taxonomy":"post_tag","embeddable":true,"href":"https:\/\/pomme-d-amap.org\/index.php\/wp-json\/wp\/v2\/tags?post=615"}],"curies":[{"name":"wp","href":"https:\/\/api.w.org\/{rel}","templated":true}]}}