{"id":618,"date":"2018-02-06T10:09:46","date_gmt":"2018-02-06T09:09:46","guid":{"rendered":"http:\/\/pomme-d-amap.org\/?p=618"},"modified":"2018-02-06T10:09:46","modified_gmt":"2018-02-06T09:09:46","slug":"distribution-du-06-02-18","status":"publish","type":"post","link":"https:\/\/pomme-d-amap.org\/index.php\/2018\/02\/06\/distribution-du-06-02-18\/","title":{"rendered":"Distribution du 06\/02\/18"},"content":{"rendered":"<div class=\"gE iv gt\">\n<table class=\"cf gJ\" cellpadding=\"0\">\n<tbody>\n<tr class=\"acZ xD\">\n<td colspan=\"3\">\n<table class=\"cf adz\" cellpadding=\"0\">\n<tbody>\n<tr>\n<td class=\"ady\">\n<div class=\"ajy\" tabindex=\"0\" role=\"menuitem\" aria-haspopup=\"true\"><img decoding=\"async\" id=\":1fu\" class=\"ajz\" role=\"button\" src=\"https:\/\/mail.google.com\/mail\/u\/0\/images\/cleardot.gif\" alt=\"\" data-tooltip=\"Afficher les d\u00e9tails\" aria-label=\"Afficher les d\u00e9tails\" \/><\/div>\n<\/td>\n<\/tr>\n<\/tbody>\n<\/table>\n<\/td>\n<\/tr>\n<\/tbody>\n<\/table>\n<\/div>\n<div id=\":1j5\">\n<div class=\"qQVYZb\"><\/div>\n<div class=\"utdU2e\"><\/div>\n<div class=\"btm\"><\/div>\n<\/div>\n<div class=\"aHl\"><\/div>\n<div id=\":1g9\" tabindex=\"-1\"><\/div>\n<div id=\":1j7\" class=\"ii gt adO\">\n<div id=\":1j6\" class=\"a3s aXjCH m16169919d68c2c92\">\n<div dir=\"ltr\">Salut \u00e0 tous,<\/p>\n<div><\/div>\n<div>D\u00e9cid\u00e9ment, il est \u00e9crit que cette saison, les conditions seront difficiles jusqu&rsquo;au bout&#8230; Apr\u00e8s des mois d&rsquo;humidit\u00e9 sans discontinuer, le gel nous est tomb\u00e9 dessus sans pr\u00e9venir, puis la neige&#8230; Si l&rsquo;hiver a d\u00e9cid\u00e9 de pointer le bout de son nez, Monsieur est \u00e0 la bourre&#8230; De plus, des temp\u00e9ratures tr\u00e8s basses sont annonc\u00e9es pour jeudi&#8230;j&rsquo;esp\u00e8re que les cultures encore aux champs vont tenir&#8230; En attendant, c&rsquo;est op\u00e9ration voiles sur les feuilles en serres et on attend que \u00e7a passe !<\/div>\n<div>Sur un autre front, les travaux d&rsquo;\u00e9vacuation de la nouvelle serre ainsi que les tranch\u00e9es cens\u00e9es am\u00e9liorer le drainage de la parcelle ont commenc\u00e9, on verra \u00e0 l&rsquo;usure l\u2019efficacit\u00e9 de nos efforts&#8230;Peu de plantations vu les conditions cette semaine, on a eu le temps de planter deux planches de pommes de terre primeurs sous abri, le reste des plants attend sagement sous les voiles. Voici votre panier :<\/div>\n<div><\/div>\n<div>&#8211; Pommes de terre 1,5 kg \/ 750 g<\/div>\n<div>&#8211; Carottes 1,2 kg \/ 600 g<\/div>\n<div>&#8211; Oignons rouges 500 g \/ 250 g<\/div>\n<div>&#8211; Courges diverse 2 kg \/ 1 kg environ<\/div>\n<div>&#8211; Choucroute 1 kg \/ 500 g<\/div>\n<div>&#8211; Mesclun (quantit\u00e9 selon r\u00e9colte)<\/div>\n<div><\/div>\n<div>Voil\u00e0, bonne journ\u00e9e et \u00e0 ce soir !<\/div>\n<div><\/div>\n<div>Marc<\/div>\n<\/div>\n<\/div>\n<\/div>\n","protected":false},"excerpt":{"rendered":"<p>Salut \u00e0 tous, D\u00e9cid\u00e9ment, il est \u00e9crit que cette saison, les conditions seront difficiles jusqu&rsquo;au bout&#8230; Apr\u00e8s des mois d&rsquo;humidit\u00e9 sans discontinuer, le gel nous est tomb\u00e9 dessus sans pr\u00e9venir, puis la neige&#8230; Si l&rsquo;hiver a d\u00e9cid\u00e9 de pointer le bout de son nez, Monsieur est \u00e0 la bourre&#8230; De plus, des temp\u00e9ratures tr\u00e8s basses &hellip; <a href=\"https:\/\/pomme-d-amap.org\/index.php\/2018\/02\/06\/distribution-du-06-02-18\/\" class=\"more-link\">Continuer la lecture de <span class=\"screen-reader-text\">Distribution du 06\/02\/18<\/span>  <span class=\"meta-nav\">&rarr;<\/span><\/a><\/p>\n","protected":false},"author":1,"featured_media":0,"comment_status":"closed","ping_status":"closed","sticky":false,"template":"","format":"standard","meta":{"footnotes":""},"categories":[11],"tags":[],"class_list":["post-618","post","type-post","status-publish","format-standard","hentry","category-distributions"],"_links":{"self":[{"href":"https:\/\/pomme-d-amap.org\/index.php\/wp-json\/wp\/v2\/posts\/618","targetHints":{"allow":["GET"]}}],"collection":[{"href":"https:\/\/pomme-d-amap.org\/index.php\/wp-json\/wp\/v2\/posts"}],"about":[{"href":"https:\/\/pomme-d-amap.org\/index.php\/wp-json\/wp\/v2\/types\/post"}],"author":[{"embeddable":true,"href":"https:\/\/pomme-d-amap.org\/index.php\/wp-json\/wp\/v2\/users\/1"}],"replies":[{"embeddable":true,"href":"https:\/\/pomme-d-amap.org\/index.php\/wp-json\/wp\/v2\/comments?post=618"}],"version-history":[{"count":1,"href":"https:\/\/pomme-d-amap.org\/index.php\/wp-json\/wp\/v2\/posts\/618\/revisions"}],"predecessor-version":[{"id":619,"href":"https:\/\/pomme-d-amap.org\/index.php\/wp-json\/wp\/v2\/posts\/618\/revisions\/619"}],"wp:attachment":[{"href":"https:\/\/pomme-d-amap.org\/index.php\/wp-json\/wp\/v2\/media?parent=618"}],"wp:term":[{"taxonomy":"category","embeddable":true,"href":"https:\/\/pomme-d-amap.org\/index.php\/wp-json\/wp\/v2\/categories?post=618"},{"taxonomy":"post_tag","embeddable":true,"href":"https:\/\/pomme-d-amap.org\/index.php\/wp-json\/wp\/v2\/tags?post=618"}],"curies":[{"name":"wp","href":"https:\/\/api.w.org\/{rel}","templated":true}]}}