{"id":625,"date":"2018-02-27T09:25:15","date_gmt":"2018-02-27T08:25:15","guid":{"rendered":"http:\/\/pomme-d-amap.org\/?p=625"},"modified":"2018-02-27T09:25:15","modified_gmt":"2018-02-27T08:25:15","slug":"distribution-du-27-02-18","status":"publish","type":"post","link":"https:\/\/pomme-d-amap.org\/index.php\/2018\/02\/27\/distribution-du-27-02-18\/","title":{"rendered":"Distribution du 27\/02\/18"},"content":{"rendered":"<p>Salut \u00e0 tous,<\/p>\n<p>En temps normal, je vous dirai que je suis ravi de vous retrouver, ce qui reste en grande partie le cas, mais franchement, j&rsquo;aurais pr\u00e9f\u00e9r\u00e9 d&rsquo;autres conditions&#8230; J&rsquo;ai quitt\u00e9 St Augustin en mode Bretagne et je le retrouve en mode Sib\u00e9rie, d\u00e9cid\u00e9ment, rien ne nous aura \u00e9t\u00e9 \u00e9pargn\u00e9 cette ann\u00e9e&#8230;. En mon absence, Lucile a voil\u00e9 tant bien que mal les cultures, dans les cultures, dans la serre comme dehors mais les temp\u00e9ratures baissent tellement sur le plateau que je ne suis pas s\u00fbr que toutes les cultures en sortiront indemnes&#8230; Nous avons rentr\u00e9 hier l&rsquo;ensemble des choux de Pontoise (certains avaient de la glace \u00e0 l&rsquo;int\u00e9rieur malgr\u00e9 les voiles) et essayons de continuer aujourd&rsquo;hui \u00e0 rentrer quelques cultures dans les frigos&#8230; Du coup, vu qu&rsquo;il reste comme vous le savez encore des carottes dehors, si le temps n&rsquo;est pas pluvieux \u00e0 ce moment l\u00e0, je fais une derni\u00e8re journ\u00e9e le samedi 10 mars afin d&rsquo;en sauver un maximum car elles vont finir par ne pas aimer&#8230;<\/p>\n<div>Je suis d\u00e9sol\u00e9 de prendre un ton un peu trop solennel mais l&rsquo;ann\u00e9e 2017 s&rsquo;est termin\u00e9e en eau de boudin, entre les inondations d\u00e9fon\u00e7ant navets et radis raves, les pommes de terre externalis\u00e9es \u00e0 Toussacq dont le rendement a \u00e9t\u00e9 plus que d\u00e9cevant, les difficult\u00e9s humaines et le d\u00e9part de Moussa (qui, je vous le rappelle, continue \u00e0 prendre ses paniers \u00e0 St Augustin jusque fin mars) et les trois (!!) chantiers carottes organis\u00e9s qui n&rsquo;ont pas permis de tout rentrer en fin d&rsquo;automne, par manque de participants et conditions climatiques difficiles&#8230; Les paniers vont forc\u00e9ment en p\u00e2tir \u00e0 un moment donn\u00e9 et les semaines qui nous m\u00e8nent au printemps risquent d&rsquo;\u00eatre longues&#8230; On fait tout ce qui est possible pour que la saison 2018 commence bien, la serre est pleine \u00e0 craquer de plantations (Lucile a plant\u00e9 la semaine derni\u00e8re laitues, choux Pak-Cho\u00ef, choux rave, navets, \u00e9pinards) mais l&rsquo;hiver est vraiment difficile et il va falloir jouer serr\u00e9&#8230; Bon, j&rsquo;arr\u00eate de vous bassiner, faites-moi savoir si vous venez le 10 !<\/div>\n<div>Voici le panier du soir :<\/div>\n<div><\/div>\n<div>&#8211; Pommes de terre 1,5 kg<\/div>\n<div>&#8211; Carottes 1 kg \/ 500 g<\/div>\n<div>&#8211; Choux de Pontoise 1 \/ 1\/2 ou 1 gros 1 petit<\/div>\n<div>&#8211; \u00c9chalotes 300 g \/ 150 g<\/div>\n<div>&#8211; Blettes (selon r\u00e9colte)<\/div>\n<div>&#8211; M\u00e2che (selon r\u00e9colte)<\/div>\n<div><\/div>\n<div>Voil\u00e0, bonne journ\u00e9e et \u00e0 ce soir !<\/div>\n<div><\/div>\n<div>Marc<\/div>\n<div class=\"yj6qo ajU\">\n<div id=\":mm\" class=\"ajR\" tabindex=\"0\" role=\"button\" data-tooltip=\"Afficher le contenu abr\u00e9g\u00e9\" aria-label=\"Afficher le contenu abr\u00e9g\u00e9\"><img decoding=\"async\" class=\"ajT\" src=\"https:\/\/ssl.gstatic.com\/ui\/v1\/icons\/mail\/images\/cleardot.gif\" \/><\/div>\n<\/div>\n","protected":false},"excerpt":{"rendered":"<p>Salut \u00e0 tous, En temps normal, je vous dirai que je suis ravi de vous retrouver, ce qui reste en grande partie le cas, mais franchement, j&rsquo;aurais pr\u00e9f\u00e9r\u00e9 d&rsquo;autres conditions&#8230; J&rsquo;ai quitt\u00e9 St Augustin en mode Bretagne et je le retrouve en mode Sib\u00e9rie, d\u00e9cid\u00e9ment, rien ne nous aura \u00e9t\u00e9 \u00e9pargn\u00e9 cette ann\u00e9e&#8230;. En mon &hellip; <a href=\"https:\/\/pomme-d-amap.org\/index.php\/2018\/02\/27\/distribution-du-27-02-18\/\" class=\"more-link\">Continuer la lecture de <span class=\"screen-reader-text\">Distribution du 27\/02\/18<\/span>  <span class=\"meta-nav\">&rarr;<\/span><\/a><\/p>\n","protected":false},"author":1,"featured_media":0,"comment_status":"closed","ping_status":"closed","sticky":false,"template":"","format":"standard","meta":{"footnotes":""},"categories":[11],"tags":[],"class_list":["post-625","post","type-post","status-publish","format-standard","hentry","category-distributions"],"_links":{"self":[{"href":"https:\/\/pomme-d-amap.org\/index.php\/wp-json\/wp\/v2\/posts\/625","targetHints":{"allow":["GET"]}}],"collection":[{"href":"https:\/\/pomme-d-amap.org\/index.php\/wp-json\/wp\/v2\/posts"}],"about":[{"href":"https:\/\/pomme-d-amap.org\/index.php\/wp-json\/wp\/v2\/types\/post"}],"author":[{"embeddable":true,"href":"https:\/\/pomme-d-amap.org\/index.php\/wp-json\/wp\/v2\/users\/1"}],"replies":[{"embeddable":true,"href":"https:\/\/pomme-d-amap.org\/index.php\/wp-json\/wp\/v2\/comments?post=625"}],"version-history":[{"count":1,"href":"https:\/\/pomme-d-amap.org\/index.php\/wp-json\/wp\/v2\/posts\/625\/revisions"}],"predecessor-version":[{"id":626,"href":"https:\/\/pomme-d-amap.org\/index.php\/wp-json\/wp\/v2\/posts\/625\/revisions\/626"}],"wp:attachment":[{"href":"https:\/\/pomme-d-amap.org\/index.php\/wp-json\/wp\/v2\/media?parent=625"}],"wp:term":[{"taxonomy":"category","embeddable":true,"href":"https:\/\/pomme-d-amap.org\/index.php\/wp-json\/wp\/v2\/categories?post=625"},{"taxonomy":"post_tag","embeddable":true,"href":"https:\/\/pomme-d-amap.org\/index.php\/wp-json\/wp\/v2\/tags?post=625"}],"curies":[{"name":"wp","href":"https:\/\/api.w.org\/{rel}","templated":true}]}}