{"id":627,"date":"2018-03-06T10:38:45","date_gmt":"2018-03-06T09:38:45","guid":{"rendered":"http:\/\/pomme-d-amap.org\/?p=627"},"modified":"2018-03-06T10:38:45","modified_gmt":"2018-03-06T09:38:45","slug":"distribution-6-03-18-salle-robespierre","status":"publish","type":"post","link":"https:\/\/pomme-d-amap.org\/index.php\/2018\/03\/06\/distribution-6-03-18-salle-robespierre\/","title":{"rendered":"Distribution 6\/03\/18 &#8211; salle ROBESPIERRE !!"},"content":{"rendered":"<p>Salut \u00e0 tous,<\/p>\n<p>Le redoux est l\u00e0, cette fois ci, on a m\u00eame pris 20\u00b0C en une semaine ! Bon, a priori, on a un nouveau un peu de froid jeudi mais \u00e7a devrait rester positif&#8230; Les organismes commencent \u00e0 grincer, les cultures ne savent plus forc\u00e9ment o\u00f9 elles habitent&#8230; J&rsquo;ai r\u00e9colt\u00e9 des poireaux hier, ce qui m&rsquo;a permis de constater qu&rsquo;ils avaient bien r\u00e9sist\u00e9 au gel. J&rsquo;ai commenc\u00e9 les carottes aussi, sur une fin de planche qui n&rsquo;avait pas \u00e9t\u00e9 voil\u00e9e, un peu de pourriture et quelques une gel\u00e9es mais bon, \u00e7a va&#8230; J&rsquo;ai quand m\u00eame des doutes sur la capacit\u00e9 de conservation de ce que l&rsquo;on va rentrer au frigo samedi&#8230; Il faut lib\u00e9rer la place quoi qu&rsquo;il en soit. Pour le moment, je compt\u00e9 6 volontaires&#8230;<br \/>\nPour le reste, on va reprendre doucement les plantations et on a commenc\u00e9 \u00e0 travailler le sol sur certaines parties en ext\u00e9rieur, pourvu que le ciel nous \u00e9pargne dans les semaines \u00e0 venir !<br \/>\nVoici votre panier :<\/p>\n<p>&#8211; Carottes 1,2 kg \/ 600 g<br \/>\n&#8211; Poireaux 640 g \/ 320g<br \/>\n&#8211; Courge Butternut (\u00e0 r\u00e9partir)<br \/>\n&#8211; Oignons jaunes 400 g \/ 200 g<br \/>\n&#8211; Mesclun roquette \/ mizuna \/ pourpier (quantit\u00e9 selon r\u00e9colte)<br \/>\n&#8211; Radis rave (poids ou pi\u00e8ce)<br \/>\n&#8211; Persil (vrac, une coupe pour le dynamiser avant le printemps)<\/p>\n<p>Voil\u00e0, bonne journ\u00e9e et \u00e0 ce soir SALLE ROBESPIERRE !<\/p>\n<p>Marc<\/p>\n","protected":false},"excerpt":{"rendered":"<p>Salut \u00e0 tous, Le redoux est l\u00e0, cette fois ci, on a m\u00eame pris 20\u00b0C en une semaine ! Bon, a priori, on a un nouveau un peu de froid jeudi mais \u00e7a devrait rester positif&#8230; Les organismes commencent \u00e0 grincer, les cultures ne savent plus forc\u00e9ment o\u00f9 elles habitent&#8230; J&rsquo;ai r\u00e9colt\u00e9 des poireaux hier, &hellip; <a href=\"https:\/\/pomme-d-amap.org\/index.php\/2018\/03\/06\/distribution-6-03-18-salle-robespierre\/\" class=\"more-link\">Continuer la lecture de <span class=\"screen-reader-text\">Distribution 6\/03\/18 &#8211; salle ROBESPIERRE !!<\/span>  <span class=\"meta-nav\">&rarr;<\/span><\/a><\/p>\n","protected":false},"author":1,"featured_media":0,"comment_status":"closed","ping_status":"closed","sticky":false,"template":"","format":"standard","meta":{"footnotes":""},"categories":[11],"tags":[],"class_list":["post-627","post","type-post","status-publish","format-standard","hentry","category-distributions"],"_links":{"self":[{"href":"https:\/\/pomme-d-amap.org\/index.php\/wp-json\/wp\/v2\/posts\/627","targetHints":{"allow":["GET"]}}],"collection":[{"href":"https:\/\/pomme-d-amap.org\/index.php\/wp-json\/wp\/v2\/posts"}],"about":[{"href":"https:\/\/pomme-d-amap.org\/index.php\/wp-json\/wp\/v2\/types\/post"}],"author":[{"embeddable":true,"href":"https:\/\/pomme-d-amap.org\/index.php\/wp-json\/wp\/v2\/users\/1"}],"replies":[{"embeddable":true,"href":"https:\/\/pomme-d-amap.org\/index.php\/wp-json\/wp\/v2\/comments?post=627"}],"version-history":[{"count":1,"href":"https:\/\/pomme-d-amap.org\/index.php\/wp-json\/wp\/v2\/posts\/627\/revisions"}],"predecessor-version":[{"id":628,"href":"https:\/\/pomme-d-amap.org\/index.php\/wp-json\/wp\/v2\/posts\/627\/revisions\/628"}],"wp:attachment":[{"href":"https:\/\/pomme-d-amap.org\/index.php\/wp-json\/wp\/v2\/media?parent=627"}],"wp:term":[{"taxonomy":"category","embeddable":true,"href":"https:\/\/pomme-d-amap.org\/index.php\/wp-json\/wp\/v2\/categories?post=627"},{"taxonomy":"post_tag","embeddable":true,"href":"https:\/\/pomme-d-amap.org\/index.php\/wp-json\/wp\/v2\/tags?post=627"}],"curies":[{"name":"wp","href":"https:\/\/api.w.org\/{rel}","templated":true}]}}