{"id":630,"date":"2018-03-13T09:23:24","date_gmt":"2018-03-13T08:23:24","guid":{"rendered":"http:\/\/pomme-d-amap.org\/?p=630"},"modified":"2018-07-17T00:10:20","modified_gmt":"2018-07-16T23:10:20","slug":"distribution-du-13-03-18","status":"publish","type":"post","link":"https:\/\/pomme-d-amap.org\/index.php\/2018\/03\/13\/distribution-du-13-03-18\/","title":{"rendered":"Distribution du 13\/03\/18"},"content":{"rendered":"<p>Salut \u00e0 tous,<\/p>\n<p>Bon, je reviens vite fait sur les carottes : apr\u00e8s l&rsquo;effort de ce week-end, il reste 6 planches \u00e0 r\u00e9colter. 6 ivryens et 2 parisiens se sont d\u00e9j\u00e0 d\u00e9clar\u00e9s pour le 24\/3, pour peu qu&rsquo;on soit dans de bonnes conditions et que les volontaires continuent d&rsquo;augmenter \u00e0 ce rythme, il y a de fortes chances que je ne vous emb\u00eate plus apr\u00e8s cette session&#8230; Je vous attends !<br \/>\nSinon, apr\u00e8s les -15\u00b0C atteints sur le plateau au petit matin il y a dix jours, un 19\u00b0C samedi soir en fin de journ\u00e9e, belle amplitude&#8230;. Il y aurait peut-\u00eatre \u00e0 nouveau des temp\u00e9ratures n\u00e9gatives la semaine prochaine, ben voyons&#8230;. Et un mois d&rsquo;avril caniculaire?<br \/>\nLe travail et la pr\u00e9paration de la saison s&rsquo;intensifie. La semaine derni\u00e8re, plantation de betteraves, semis de pois gourmands, semis d&rsquo;oignons doux et plein de r\u00e9jouissances \u00e0 venir !<br \/>\nVoici votre panier :<\/p>\n<p>&#8211; Pommes de terre 1,5 kg \/ 750 g<br \/>\n&#8211; Panais 800 g environ \/ 400 g<br \/>\n&#8211; Oignons jaunes 500 g \/ 250 g<br \/>\n&#8211; Choux blanc 1\/2 gros \/ 1\/2 moyen<br \/>\n&#8211; C\u00e9leri rave 1 gros \/ 1 petit<br \/>\n&#8211; Pourpier ou m\u00e2che (quantit\u00e9 selon r\u00e9colte)<\/p>\n<p>Voil\u00e0, bonne journ\u00e9e et \u00e0 ce soir !<\/p>\n<p>Marc<\/p>\n","protected":false},"excerpt":{"rendered":"<p>Salut \u00e0 tous, Bon, je reviens vite fait sur les carottes : apr\u00e8s l&rsquo;effort de ce week-end, il reste 6 planches \u00e0 r\u00e9colter. 6 ivryens et 2 parisiens se sont d\u00e9j\u00e0 d\u00e9clar\u00e9s pour le 24\/3, pour peu qu&rsquo;on soit dans de bonnes conditions et que les volontaires continuent d&rsquo;augmenter \u00e0 ce rythme, il y a &hellip; <a href=\"https:\/\/pomme-d-amap.org\/index.php\/2018\/03\/13\/distribution-du-13-03-18\/\" class=\"more-link\">Continuer la lecture de <span class=\"screen-reader-text\">Distribution du 13\/03\/18<\/span>  <span class=\"meta-nav\">&rarr;<\/span><\/a><\/p>\n","protected":false},"author":1,"featured_media":0,"comment_status":"closed","ping_status":"closed","sticky":false,"template":"","format":"standard","meta":{"footnotes":""},"categories":[11],"tags":[],"class_list":["post-630","post","type-post","status-publish","format-standard","hentry","category-distributions"],"_links":{"self":[{"href":"https:\/\/pomme-d-amap.org\/index.php\/wp-json\/wp\/v2\/posts\/630","targetHints":{"allow":["GET"]}}],"collection":[{"href":"https:\/\/pomme-d-amap.org\/index.php\/wp-json\/wp\/v2\/posts"}],"about":[{"href":"https:\/\/pomme-d-amap.org\/index.php\/wp-json\/wp\/v2\/types\/post"}],"author":[{"embeddable":true,"href":"https:\/\/pomme-d-amap.org\/index.php\/wp-json\/wp\/v2\/users\/1"}],"replies":[{"embeddable":true,"href":"https:\/\/pomme-d-amap.org\/index.php\/wp-json\/wp\/v2\/comments?post=630"}],"version-history":[{"count":1,"href":"https:\/\/pomme-d-amap.org\/index.php\/wp-json\/wp\/v2\/posts\/630\/revisions"}],"predecessor-version":[{"id":631,"href":"https:\/\/pomme-d-amap.org\/index.php\/wp-json\/wp\/v2\/posts\/630\/revisions\/631"}],"wp:attachment":[{"href":"https:\/\/pomme-d-amap.org\/index.php\/wp-json\/wp\/v2\/media?parent=630"}],"wp:term":[{"taxonomy":"category","embeddable":true,"href":"https:\/\/pomme-d-amap.org\/index.php\/wp-json\/wp\/v2\/categories?post=630"},{"taxonomy":"post_tag","embeddable":true,"href":"https:\/\/pomme-d-amap.org\/index.php\/wp-json\/wp\/v2\/tags?post=630"}],"curies":[{"name":"wp","href":"https:\/\/api.w.org\/{rel}","templated":true}]}}