{"id":652,"date":"2018-03-27T08:51:51","date_gmt":"2018-03-27T07:51:51","guid":{"rendered":"http:\/\/pomme-d-amap.org\/?p=652"},"modified":"2018-03-27T08:54:44","modified_gmt":"2018-03-27T07:54:44","slug":"chantiers-carottes-2018-retour-en-images","status":"publish","type":"post","link":"https:\/\/pomme-d-amap.org\/index.php\/2018\/03\/27\/chantiers-carottes-2018-retour-en-images\/","title":{"rendered":"Chantiers carottes 2018 &#8211; retour en images"},"content":{"rendered":"<p>Merci \u00e0 Catherine G. pour ce petit reportage photos lors des 2 derniers chantiers carottes ! Merci aux courageux d&rsquo;Ivry et de Paris pour avoir tra\u00een\u00e9 leurs bottes dans la boue grasse de ce d\u00e9but de printemps !<\/p>\n<p><img loading=\"lazy\" decoding=\"async\" class=\"size-thumbnail wp-image-651 alignleft\" src=\"https:\/\/pomme-d-amap.org\/wp-content\/uploads\/2018\/03\/IMG_20180310_130037-150x150.jpg\" alt=\"\" width=\"150\" height=\"150\" \/><\/p>\n<p><img loading=\"lazy\" decoding=\"async\" class=\"size-thumbnail wp-image-650 alignleft\" src=\"https:\/\/pomme-d-amap.org\/wp-content\/uploads\/2018\/03\/IMG_20180310_130022-2-150x150.jpg\" alt=\"\" width=\"150\" height=\"150\" \/><\/p>\n<p><img loading=\"lazy\" decoding=\"async\" class=\"size-thumbnail wp-image-648 alignleft\" src=\"https:\/\/pomme-d-amap.org\/wp-content\/uploads\/2018\/03\/IMG_20180310_121937-150x150.jpg\" alt=\"\" width=\"150\" height=\"150\" \/><\/p>\n<p><img loading=\"lazy\" decoding=\"async\" class=\"size-thumbnail wp-image-647 alignleft\" src=\"https:\/\/pomme-d-amap.org\/wp-content\/uploads\/2018\/03\/IMG_20180324_155349-150x150.jpg\" alt=\"\" width=\"150\" height=\"150\" \/><\/p>\n<p><img loading=\"lazy\" decoding=\"async\" class=\"size-thumbnail wp-image-646 alignleft\" src=\"https:\/\/pomme-d-amap.org\/wp-content\/uploads\/2018\/03\/IMG_20180324_145537-150x150.jpg\" alt=\"\" width=\"150\" height=\"150\" \/><\/p>\n<p><img loading=\"lazy\" decoding=\"async\" class=\"size-thumbnail wp-image-645 alignleft\" src=\"https:\/\/pomme-d-amap.org\/wp-content\/uploads\/2018\/03\/IMG_20180324_145436-150x150.jpg\" alt=\"\" width=\"150\" height=\"150\" \/><\/p>\n<p><img loading=\"lazy\" decoding=\"async\" class=\"size-thumbnail wp-image-644 alignleft\" src=\"https:\/\/pomme-d-amap.org\/wp-content\/uploads\/2018\/03\/IMG_20180324_145340-150x150.jpg\" alt=\"\" width=\"150\" height=\"150\" \/><\/p>\n<p><img loading=\"lazy\" decoding=\"async\" class=\"size-thumbnail wp-image-643 alignleft\" src=\"https:\/\/pomme-d-amap.org\/wp-content\/uploads\/2018\/03\/IMG_20180324_145317-150x150.jpg\" alt=\"\" width=\"150\" height=\"150\" \/><\/p>\n<p><img loading=\"lazy\" decoding=\"async\" class=\"size-thumbnail wp-image-642 alignleft\" src=\"https:\/\/pomme-d-amap.org\/wp-content\/uploads\/2018\/03\/IMG_20180324_145258-150x150.jpg\" alt=\"\" width=\"150\" height=\"150\" \/><\/p>\n<p>&nbsp;<\/p>\n<p>&nbsp;<\/p>\n","protected":false},"excerpt":{"rendered":"<p>Merci \u00e0 Catherine G. pour ce petit reportage photos lors des 2 derniers chantiers carottes ! Merci aux courageux d&rsquo;Ivry et de Paris pour avoir tra\u00een\u00e9 leurs bottes dans la boue grasse de ce d\u00e9but de printemps ! &nbsp; &nbsp;<\/p>\n","protected":false},"author":1,"featured_media":0,"comment_status":"closed","ping_status":"closed","sticky":false,"template":"","format":"standard","meta":{"footnotes":""},"categories":[4],"tags":[],"class_list":["post-652","post","type-post","status-publish","format-standard","hentry","category-coups-de-pouce-a-la-ferme"],"_links":{"self":[{"href":"https:\/\/pomme-d-amap.org\/index.php\/wp-json\/wp\/v2\/posts\/652","targetHints":{"allow":["GET"]}}],"collection":[{"href":"https:\/\/pomme-d-amap.org\/index.php\/wp-json\/wp\/v2\/posts"}],"about":[{"href":"https:\/\/pomme-d-amap.org\/index.php\/wp-json\/wp\/v2\/types\/post"}],"author":[{"embeddable":true,"href":"https:\/\/pomme-d-amap.org\/index.php\/wp-json\/wp\/v2\/users\/1"}],"replies":[{"embeddable":true,"href":"https:\/\/pomme-d-amap.org\/index.php\/wp-json\/wp\/v2\/comments?post=652"}],"version-history":[{"count":4,"href":"https:\/\/pomme-d-amap.org\/index.php\/wp-json\/wp\/v2\/posts\/652\/revisions"}],"predecessor-version":[{"id":656,"href":"https:\/\/pomme-d-amap.org\/index.php\/wp-json\/wp\/v2\/posts\/652\/revisions\/656"}],"wp:attachment":[{"href":"https:\/\/pomme-d-amap.org\/index.php\/wp-json\/wp\/v2\/media?parent=652"}],"wp:term":[{"taxonomy":"category","embeddable":true,"href":"https:\/\/pomme-d-amap.org\/index.php\/wp-json\/wp\/v2\/categories?post=652"},{"taxonomy":"post_tag","embeddable":true,"href":"https:\/\/pomme-d-amap.org\/index.php\/wp-json\/wp\/v2\/tags?post=652"}],"curies":[{"name":"wp","href":"https:\/\/api.w.org\/{rel}","templated":true}]}}