{"id":657,"date":"2018-04-03T08:38:07","date_gmt":"2018-04-03T07:38:07","guid":{"rendered":"http:\/\/pomme-d-amap.org\/?p=657"},"modified":"2018-04-03T08:38:07","modified_gmt":"2018-04-03T07:38:07","slug":"distribution-du-3-04-2018","status":"publish","type":"post","link":"https:\/\/pomme-d-amap.org\/index.php\/2018\/04\/03\/distribution-du-3-04-2018\/","title":{"rendered":"Distribution du 3\/04\/2018"},"content":{"rendered":"<p>Salut \u00e0 tous,<\/p>\n<p>Apr\u00e8s ce long weekend pascal (y compris pour moi&#8230;), on va rentrer dans le vif du sujet ! Le temps ne nous a pas permis jusqu&rsquo;\u00e0 maintenant de bien avancer la pr\u00e9paration du sol dehors, j&rsquo;en ai donc profit\u00e9 pour pr\u00e9parer les futures planches de tomates et d&rsquo;aubergines dans le nouveau bi-tunnel&#8230; Eh, oui ! La plantation est pr\u00e9vue pour dans dix jours&#8230; On va passer directement au c\u0153ur de la saison sans s&rsquo;en \u00eatre rendus compte&#8230; Au menu des jours \u00e0 venir : \u00e9chalotes, f\u00e8ves, pommes de terre, laitues, navets et betteraves primeurs, tout \u00e7a en ext\u00e9rieur, tout \u00e7a dans un sol pas encore travaill\u00e9, il va y avoir des journ\u00e9es intenses&#8230; Bon, c&rsquo;est cool, c&rsquo;est que le printemps arrive !<br \/>\nDans votre panier demain :<\/p>\n<p>&#8211; Pommes de terre 1,5 kg \/ 750 g<br \/>\n&#8211; Carottes 1,5 kg \/ 750 g<br \/>\n&#8211; Radis noirs 500 g \/ 250 g<br \/>\n&#8211; Oignons cuisse de poulet 500 g \/ 250 g<br \/>\n&#8211; Blettes (quantit\u00e9 selon r\u00e9colte)<br \/>\n&#8211; M\u00e2che (quantit\u00e9 selon r\u00e9colte &#8211; je vous remets \u00e0 nouveau de la m\u00e2che une deuxi\u00e8me semaine d&rsquo;affil\u00e9e mais l&rsquo;augmentation des temp\u00e9ratures la fait monter \u00e0 graine&#8230;avril, c&rsquo;est l&rsquo;extr\u00eame limite pour elle !)<\/p>\n<p>Voil\u00e0, bonne nuit et \u00e0 ce soir !<\/p>\n<p>Marc<\/p>\n","protected":false},"excerpt":{"rendered":"<p>Salut \u00e0 tous, Apr\u00e8s ce long weekend pascal (y compris pour moi&#8230;), on va rentrer dans le vif du sujet ! Le temps ne nous a pas permis jusqu&rsquo;\u00e0 maintenant de bien avancer la pr\u00e9paration du sol dehors, j&rsquo;en ai donc profit\u00e9 pour pr\u00e9parer les futures planches de tomates et d&rsquo;aubergines dans le nouveau bi-tunnel&#8230; &hellip; <a href=\"https:\/\/pomme-d-amap.org\/index.php\/2018\/04\/03\/distribution-du-3-04-2018\/\" class=\"more-link\">Continuer la lecture de <span class=\"screen-reader-text\">Distribution du 3\/04\/2018<\/span>  <span class=\"meta-nav\">&rarr;<\/span><\/a><\/p>\n","protected":false},"author":1,"featured_media":0,"comment_status":"closed","ping_status":"closed","sticky":false,"template":"","format":"standard","meta":{"footnotes":""},"categories":[11],"tags":[],"class_list":["post-657","post","type-post","status-publish","format-standard","hentry","category-distributions"],"_links":{"self":[{"href":"https:\/\/pomme-d-amap.org\/index.php\/wp-json\/wp\/v2\/posts\/657","targetHints":{"allow":["GET"]}}],"collection":[{"href":"https:\/\/pomme-d-amap.org\/index.php\/wp-json\/wp\/v2\/posts"}],"about":[{"href":"https:\/\/pomme-d-amap.org\/index.php\/wp-json\/wp\/v2\/types\/post"}],"author":[{"embeddable":true,"href":"https:\/\/pomme-d-amap.org\/index.php\/wp-json\/wp\/v2\/users\/1"}],"replies":[{"embeddable":true,"href":"https:\/\/pomme-d-amap.org\/index.php\/wp-json\/wp\/v2\/comments?post=657"}],"version-history":[{"count":1,"href":"https:\/\/pomme-d-amap.org\/index.php\/wp-json\/wp\/v2\/posts\/657\/revisions"}],"predecessor-version":[{"id":658,"href":"https:\/\/pomme-d-amap.org\/index.php\/wp-json\/wp\/v2\/posts\/657\/revisions\/658"}],"wp:attachment":[{"href":"https:\/\/pomme-d-amap.org\/index.php\/wp-json\/wp\/v2\/media?parent=657"}],"wp:term":[{"taxonomy":"category","embeddable":true,"href":"https:\/\/pomme-d-amap.org\/index.php\/wp-json\/wp\/v2\/categories?post=657"},{"taxonomy":"post_tag","embeddable":true,"href":"https:\/\/pomme-d-amap.org\/index.php\/wp-json\/wp\/v2\/tags?post=657"}],"curies":[{"name":"wp","href":"https:\/\/api.w.org\/{rel}","templated":true}]}}