{"id":670,"date":"2018-04-17T08:55:13","date_gmt":"2018-04-17T07:55:13","guid":{"rendered":"http:\/\/pomme-d-amap.org\/?p=670"},"modified":"2018-04-17T08:55:13","modified_gmt":"2018-04-17T07:55:13","slug":"distribution-du-17-03-2018","status":"publish","type":"post","link":"https:\/\/pomme-d-amap.org\/index.php\/2018\/04\/17\/distribution-du-17-03-2018\/","title":{"rendered":"Distribution du 17\/03\/2018"},"content":{"rendered":"<p>Salut \u00e0 tous,<\/p>\n<p>La premi\u00e8re quinzaine d&rsquo;avril sonne en g\u00e9n\u00e9ral le d\u00e9part de la saison, pour de bon et sans pr\u00e9venir&#8230; et cette ann\u00e9e n&rsquo;a pas \u00e9chapp\u00e9 \u00e0 la r\u00e8gle ! Le retour d&rsquo;un temps sec nous a permis de rentrer \u00e0 nouveau en tracteur dans les champs et le travail du sol pour la pr\u00e9paration des plantations s&rsquo;est intensifi\u00e9. Nous sommes pr\u00eats \u00e0 planter les oignons de l&rsquo;ann\u00e9e, la premi\u00e8re s\u00e9rie de tomates est en terre et les \u00e9chalotes aussi depuis samedi. Merci aux courageux qui sont venus filer un coup de main et ont permis de rattraper un temps pr\u00e9cieux !<br \/>\nAu programme d&rsquo;ici \u00e0 mardi prochain : tous les oignons donc, betteraves, navets, \u00e9pinards, laitues \u00e0 la plantation, suite de la pr\u00e9paration du sol, r\u00e9coltes, nettoyage, mise en place de l&rsquo;irrigation&#8230; bref, \u00e7a d\u00e9pote !<br \/>\nVoici votre panier du jour :<\/p>\n<p>&#8211; Pommes de terre 1,5 kg \/ 750 g<br \/>\n&#8211; Panais 1 kg \/ 500 g<br \/>\n&#8211; \u00c9chalotes 400 g \/ 200 g<br \/>\n&#8211; Navets primeurs 4\/2<br \/>\n&#8211; Choux Pak-Cho\u00ef 2\/1<br \/>\n&#8211; \u00c9pinards (quantit\u00e9 selon r\u00e9colte)<br \/>\n&#8211; Laitues 2\/1<\/p>\n<p>Voil\u00e0, bonne journ\u00e9e et \u00e0 ce soir !<\/p>\n<p>Marc<\/p>\n","protected":false},"excerpt":{"rendered":"<p>Salut \u00e0 tous, La premi\u00e8re quinzaine d&rsquo;avril sonne en g\u00e9n\u00e9ral le d\u00e9part de la saison, pour de bon et sans pr\u00e9venir&#8230; et cette ann\u00e9e n&rsquo;a pas \u00e9chapp\u00e9 \u00e0 la r\u00e8gle ! Le retour d&rsquo;un temps sec nous a permis de rentrer \u00e0 nouveau en tracteur dans les champs et le travail du sol pour la &hellip; <a href=\"https:\/\/pomme-d-amap.org\/index.php\/2018\/04\/17\/distribution-du-17-03-2018\/\" class=\"more-link\">Continuer la lecture de <span class=\"screen-reader-text\">Distribution du 17\/03\/2018<\/span>  <span class=\"meta-nav\">&rarr;<\/span><\/a><\/p>\n","protected":false},"author":1,"featured_media":0,"comment_status":"closed","ping_status":"closed","sticky":false,"template":"","format":"standard","meta":{"footnotes":""},"categories":[11],"tags":[],"class_list":["post-670","post","type-post","status-publish","format-standard","hentry","category-distributions"],"_links":{"self":[{"href":"https:\/\/pomme-d-amap.org\/index.php\/wp-json\/wp\/v2\/posts\/670","targetHints":{"allow":["GET"]}}],"collection":[{"href":"https:\/\/pomme-d-amap.org\/index.php\/wp-json\/wp\/v2\/posts"}],"about":[{"href":"https:\/\/pomme-d-amap.org\/index.php\/wp-json\/wp\/v2\/types\/post"}],"author":[{"embeddable":true,"href":"https:\/\/pomme-d-amap.org\/index.php\/wp-json\/wp\/v2\/users\/1"}],"replies":[{"embeddable":true,"href":"https:\/\/pomme-d-amap.org\/index.php\/wp-json\/wp\/v2\/comments?post=670"}],"version-history":[{"count":1,"href":"https:\/\/pomme-d-amap.org\/index.php\/wp-json\/wp\/v2\/posts\/670\/revisions"}],"predecessor-version":[{"id":671,"href":"https:\/\/pomme-d-amap.org\/index.php\/wp-json\/wp\/v2\/posts\/670\/revisions\/671"}],"wp:attachment":[{"href":"https:\/\/pomme-d-amap.org\/index.php\/wp-json\/wp\/v2\/media?parent=670"}],"wp:term":[{"taxonomy":"category","embeddable":true,"href":"https:\/\/pomme-d-amap.org\/index.php\/wp-json\/wp\/v2\/categories?post=670"},{"taxonomy":"post_tag","embeddable":true,"href":"https:\/\/pomme-d-amap.org\/index.php\/wp-json\/wp\/v2\/tags?post=670"}],"curies":[{"name":"wp","href":"https:\/\/api.w.org\/{rel}","templated":true}]}}