{"id":672,"date":"2018-04-24T08:40:01","date_gmt":"2018-04-24T07:40:01","guid":{"rendered":"http:\/\/pomme-d-amap.org\/?p=672"},"modified":"2018-04-24T08:40:01","modified_gmt":"2018-04-24T07:40:01","slug":"distribution-du-24-04-2018","status":"publish","type":"post","link":"https:\/\/pomme-d-amap.org\/index.php\/2018\/04\/24\/distribution-du-24-04-2018\/","title":{"rendered":"Distribution du 24\/04\/2018"},"content":{"rendered":"<p>Salut \u00e0 tous,<\/p>\n<div>Apr\u00e8s la neige, la canicule&#8230; apr\u00e8s la canicule, la fra\u00eecheur, apr\u00e8s le soleil, la pluie ? Nos temp\u00e9ratures internes oscillent et se d\u00e9r\u00e8glent et nos corps en surchauffe la semaine derni\u00e8re grelottent au petit matin ! Bon, \u00e7a reste printanier et nos esprits sont enti\u00e8rement tourn\u00e9s vers les plantations ext\u00e9rieures. Nous sommes venus \u00e0 bout des plantations d&rsquo;oignons (jaunes, rouges, simiane, doux&#8230;) de la saison \u00e0 venir et avons plant\u00e9 une s\u00e9rie de laitues et d&rsquo;\u00e9pinards. \u00c7a va continuer de plus belle cette semaine avec l&rsquo;arriv\u00e9e des aubergines, de la 2\u00e8me s\u00e9rie de tomates, de la 1\u00e8re de courgettes&#8230; On travaille le sol quotidiennement et la parcelle se transforme \u00e0 vue d\u2019\u0153il !<\/div>\n<div>Je vous rappelle comme signal\u00e9 dans un pr\u00e9c\u00e9dent mail de Marie qu&rsquo;il n&rsquo;y aura <b>pas de distribution le mardi 1er mai <\/b>pour cause de&#8230; 1er mai ! Il y aura une double distribution \u00e0 une date prochaine que je vous indiquerai. En revanche, la ferme est ouverte aux volontaires ce jour l\u00e0 !<\/div>\n<div>Voici votre panier :<\/div>\n<div><\/div>\n<div>&#8211; Carottes 1,2 kg \/ 750 g<\/div>\n<div>&#8211; Choux de Milan 2\/1 ou 1 gros \/ 1 petit<\/div>\n<div>&#8211; Poireaux 6\/3<\/div>\n<div>&#8211; Navets primeurs (quantit\u00e9 selon r\u00e9colte)<\/div>\n<div>&#8211; Oignons rouges 500 g \/ 250 g<\/div>\n<div>&#8211; Blettes (quantit\u00e9 selon r\u00e9colte)<\/div>\n<div>&#8211; Laitues 2\/1<\/div>\n<div>&#8211; Ciboulette 1 bouquet \/ 1<\/div>\n<div><\/div>\n<div>Voil\u00e0, bonne journ\u00e9e et \u00e0 ce soir<\/div>\n<div><\/div>\n<div>Marc<\/div>\n","protected":false},"excerpt":{"rendered":"<p>Salut \u00e0 tous, Apr\u00e8s la neige, la canicule&#8230; apr\u00e8s la canicule, la fra\u00eecheur, apr\u00e8s le soleil, la pluie ? Nos temp\u00e9ratures internes oscillent et se d\u00e9r\u00e8glent et nos corps en surchauffe la semaine derni\u00e8re grelottent au petit matin ! Bon, \u00e7a reste printanier et nos esprits sont enti\u00e8rement tourn\u00e9s vers les plantations ext\u00e9rieures. Nous sommes &hellip; <a href=\"https:\/\/pomme-d-amap.org\/index.php\/2018\/04\/24\/distribution-du-24-04-2018\/\" class=\"more-link\">Continuer la lecture de <span class=\"screen-reader-text\">Distribution du 24\/04\/2018<\/span>  <span class=\"meta-nav\">&rarr;<\/span><\/a><\/p>\n","protected":false},"author":1,"featured_media":0,"comment_status":"closed","ping_status":"closed","sticky":false,"template":"","format":"standard","meta":{"footnotes":""},"categories":[11],"tags":[],"class_list":["post-672","post","type-post","status-publish","format-standard","hentry","category-distributions"],"_links":{"self":[{"href":"https:\/\/pomme-d-amap.org\/index.php\/wp-json\/wp\/v2\/posts\/672","targetHints":{"allow":["GET"]}}],"collection":[{"href":"https:\/\/pomme-d-amap.org\/index.php\/wp-json\/wp\/v2\/posts"}],"about":[{"href":"https:\/\/pomme-d-amap.org\/index.php\/wp-json\/wp\/v2\/types\/post"}],"author":[{"embeddable":true,"href":"https:\/\/pomme-d-amap.org\/index.php\/wp-json\/wp\/v2\/users\/1"}],"replies":[{"embeddable":true,"href":"https:\/\/pomme-d-amap.org\/index.php\/wp-json\/wp\/v2\/comments?post=672"}],"version-history":[{"count":1,"href":"https:\/\/pomme-d-amap.org\/index.php\/wp-json\/wp\/v2\/posts\/672\/revisions"}],"predecessor-version":[{"id":673,"href":"https:\/\/pomme-d-amap.org\/index.php\/wp-json\/wp\/v2\/posts\/672\/revisions\/673"}],"wp:attachment":[{"href":"https:\/\/pomme-d-amap.org\/index.php\/wp-json\/wp\/v2\/media?parent=672"}],"wp:term":[{"taxonomy":"category","embeddable":true,"href":"https:\/\/pomme-d-amap.org\/index.php\/wp-json\/wp\/v2\/categories?post=672"},{"taxonomy":"post_tag","embeddable":true,"href":"https:\/\/pomme-d-amap.org\/index.php\/wp-json\/wp\/v2\/tags?post=672"}],"curies":[{"name":"wp","href":"https:\/\/api.w.org\/{rel}","templated":true}]}}