{"id":68,"date":"2016-10-10T20:34:33","date_gmt":"2016-10-10T19:34:33","guid":{"rendered":"http:\/\/pomme-d-amap.org\/?p=68"},"modified":"2016-12-15T11:19:57","modified_gmt":"2016-12-15T10:19:57","slug":"recolte-des-courges-2016","status":"publish","type":"post","link":"https:\/\/pomme-d-amap.org\/index.php\/2016\/10\/10\/recolte-des-courges-2016\/","title":{"rendered":"R\u00e9colte des courges 2016"},"content":{"rendered":"<p>Les courges : r\u00e9colte ou m\u00e9nage ?!!<\/p>\n<p>Samedi dernier, 8 Amapiens ont relev\u00e9 leurs manches pour d\u00e9barrasser les courges de leurs feuillages, arracher les pieds et nettoyer les b\u00e2ches avec des balais !!! Et oui, nous avons fait le m\u00e9nage autour des courges !! Et \u00e7a valait le coup, jugez par vous m\u00eame avec ces photos \u00ab\u00a0avant-apr\u00e8s\u00a0\u00bb.<\/p>\n<p>Nous retrouverons tout l&rsquo;hiver la diversit\u00e9 des courges dans nos paniers : Musqu\u00e9e de Provence, Bleue de Hongrie, Potimarron, Longue de Nice, Shiatsu (sp\u00e9ciale d\u00e9dicace \u00e0 notre pr\u00e9sidente !), Sucrine du Berry et Butternut.<\/p>\n<p>Pr\u00e9parez vos recettes !<\/p>\n<p><img loading=\"lazy\" decoding=\"async\" class=\"alignnone wp-image-69\" src=\"https:\/\/pomme-d-amap.org\/wp-content\/uploads\/2016\/10\/r\u00e9colte-courges-3-300x224.jpg\" alt=\"recolte-courges-2016-1\" width=\"300\" height=\"224\" srcset=\"https:\/\/pomme-d-amap.org\/wp-content\/uploads\/2016\/10\/r\u00e9colte-courges-3-300x224.jpg 300w, https:\/\/pomme-d-amap.org\/wp-content\/uploads\/2016\/10\/r\u00e9colte-courges-3-768x574.jpg 768w, https:\/\/pomme-d-amap.org\/wp-content\/uploads\/2016\/10\/r\u00e9colte-courges-3-1024x765.jpg 1024w\" sizes=\"auto, (max-width: 300px) 100vw, 300px\" \/><\/p>\n<p><img loading=\"lazy\" decoding=\"async\" class=\"alignnone size-medium wp-image-70\" src=\"https:\/\/pomme-d-amap.org\/wp-content\/uploads\/2016\/10\/r\u00e9colte-courges-2-300x224.jpg\" alt=\"recolte-courges-2016-2\" width=\"300\" height=\"224\" srcset=\"https:\/\/pomme-d-amap.org\/wp-content\/uploads\/2016\/10\/r\u00e9colte-courges-2-300x224.jpg 300w, https:\/\/pomme-d-amap.org\/wp-content\/uploads\/2016\/10\/r\u00e9colte-courges-2-768x574.jpg 768w, https:\/\/pomme-d-amap.org\/wp-content\/uploads\/2016\/10\/r\u00e9colte-courges-2-1024x765.jpg 1024w\" sizes=\"auto, (max-width: 300px) 100vw, 300px\" \/><\/p>\n<p><img loading=\"lazy\" decoding=\"async\" class=\"alignnone size-medium wp-image-71\" src=\"https:\/\/pomme-d-amap.org\/wp-content\/uploads\/2016\/10\/courges-nettoyees-300x224.jpg\" alt=\"courges-nettoyees\" width=\"300\" height=\"224\" srcset=\"https:\/\/pomme-d-amap.org\/wp-content\/uploads\/2016\/10\/courges-nettoyees-300x224.jpg 300w, https:\/\/pomme-d-amap.org\/wp-content\/uploads\/2016\/10\/courges-nettoyees-768x574.jpg 768w, https:\/\/pomme-d-amap.org\/wp-content\/uploads\/2016\/10\/courges-nettoyees-1024x765.jpg 1024w\" sizes=\"auto, (max-width: 300px) 100vw, 300px\" \/><\/p>\n<p><em>Cr\u00e9dits photo : Pomme d&rsquo;Amap<\/em><\/p>\n","protected":false},"excerpt":{"rendered":"<p>Les courges : r\u00e9colte ou m\u00e9nage ?!! Samedi dernier, 8 Amapiens ont relev\u00e9 leurs manches pour d\u00e9barrasser les courges de leurs feuillages, arracher les pieds et nettoyer les b\u00e2ches avec des balais !!! Et oui, nous avons fait le m\u00e9nage autour des courges !! Et \u00e7a valait le coup, jugez par vous m\u00eame avec ces &hellip; <a href=\"https:\/\/pomme-d-amap.org\/index.php\/2016\/10\/10\/recolte-des-courges-2016\/\" class=\"more-link\">Continuer la lecture de <span class=\"screen-reader-text\">R\u00e9colte des courges 2016<\/span>  <span class=\"meta-nav\">&rarr;<\/span><\/a><\/p>\n","protected":false},"author":1,"featured_media":0,"comment_status":"open","ping_status":"open","sticky":false,"template":"","format":"standard","meta":{"footnotes":""},"categories":[4],"tags":[13,5,12],"class_list":["post-68","post","type-post","status-publish","format-standard","hentry","category-coups-de-pouce-a-la-ferme","tag-courges","tag-ferme","tag-recolte"],"_links":{"self":[{"href":"https:\/\/pomme-d-amap.org\/index.php\/wp-json\/wp\/v2\/posts\/68","targetHints":{"allow":["GET"]}}],"collection":[{"href":"https:\/\/pomme-d-amap.org\/index.php\/wp-json\/wp\/v2\/posts"}],"about":[{"href":"https:\/\/pomme-d-amap.org\/index.php\/wp-json\/wp\/v2\/types\/post"}],"author":[{"embeddable":true,"href":"https:\/\/pomme-d-amap.org\/index.php\/wp-json\/wp\/v2\/users\/1"}],"replies":[{"embeddable":true,"href":"https:\/\/pomme-d-amap.org\/index.php\/wp-json\/wp\/v2\/comments?post=68"}],"version-history":[{"count":5,"href":"https:\/\/pomme-d-amap.org\/index.php\/wp-json\/wp\/v2\/posts\/68\/revisions"}],"predecessor-version":[{"id":294,"href":"https:\/\/pomme-d-amap.org\/index.php\/wp-json\/wp\/v2\/posts\/68\/revisions\/294"}],"wp:attachment":[{"href":"https:\/\/pomme-d-amap.org\/index.php\/wp-json\/wp\/v2\/media?parent=68"}],"wp:term":[{"taxonomy":"category","embeddable":true,"href":"https:\/\/pomme-d-amap.org\/index.php\/wp-json\/wp\/v2\/categories?post=68"},{"taxonomy":"post_tag","embeddable":true,"href":"https:\/\/pomme-d-amap.org\/index.php\/wp-json\/wp\/v2\/tags?post=68"}],"curies":[{"name":"wp","href":"https:\/\/api.w.org\/{rel}","templated":true}]}}