{"id":728,"date":"2018-06-26T08:25:42","date_gmt":"2018-06-26T07:25:42","guid":{"rendered":"http:\/\/pomme-d-amap.org\/?p=728"},"modified":"2018-06-26T08:25:42","modified_gmt":"2018-06-26T07:25:42","slug":"distribution-du-26-06-18","status":"publish","type":"post","link":"https:\/\/pomme-d-amap.org\/index.php\/2018\/06\/26\/distribution-du-26-06-18\/","title":{"rendered":"Distribution du 26\/06\/18"},"content":{"rendered":"<p>Salut \u00e0 tous,<\/p>\n<p>Apr\u00e8s cette coupure d&rsquo;une semaine qui nous a permis de reprendre la main au niveau du travail du sol, nous reprenons les distributions ce soir avec, je vous le rappelle, une double distribution permettant de compenser l&rsquo;absence de celle du 19 juin. Elle aura lieu, comme vous l&rsquo;a d\u00e9j\u00e0 stipul\u00e9 Marie, Espace Robespierre et je vous invite \u00e0 regarder son mail avec son croquis!<br \/>\nNous avons r\u00e9ussi \u00e0 retravailler les parcelles martel\u00e9es par les seaux d&rsquo;eau du dernier mois, avec la d\u00e9sagr\u00e9able sensation de devoir reprendre le travail \u00e0 z\u00e9ro sur certaines zones&#8230; plus long que pr\u00e9vu, donc, mais les carottes et les poireaux sont d\u00e9sormais pr\u00eats \u00e0 \u00eatre implant\u00e9s&#8230; Depuis la derni\u00e8re fois, nous avons sem\u00e9 des haricots, plant\u00e9 la deuxi\u00e8me s\u00e9rie de melons, des choux cabus, rouge, de Bruxelles, \u00e0 choucroute, du basilic, taill\u00e9 tomates et concombres, r\u00e9colt\u00e9 toutes les pommes de terre primeurs en serre, chass\u00e9 les doryphores sur la parcelle de pommes de terre de conservation, parmi d&rsquo;autres activit\u00e9s quotidiennes&#8230;<br \/>\nMerci \u00e0 tous ceux qui \u00e9taient pr\u00e9sents samedi \u00e0 la f\u00eate, c&rsquo;\u00e9tait chouette encore une fois, m\u00eame si ce n&rsquo;\u00e9taient pas les grandes chaleurs ! A Benjamin de jouer pour les photos&#8230;<br \/>\nVoici votre panier :<\/p>\n<p>&#8211; Pommes de terre 3kg \/ 1,5kg<br \/>\n&#8211; Carottes 2 kg\/ 1 kg<br \/>\n&#8211; Choux pointus 1 moyen \/ 1 petit<br \/>\n&#8211; Oignons jaunes 800 g \/ 400 g<br \/>\n&#8211; Ail 2 t\u00eates \/ 1<br \/>\n&#8211; Courgettes (\u00e0 r\u00e9partir)<br \/>\n&#8211; Laitues 3\/2 probablement<\/p>\n<p>Voil\u00e0, bonne journ\u00e9e et \u00e0 ce soir !<\/p>\n<p>Marc<\/p>\n","protected":false},"excerpt":{"rendered":"<p>Salut \u00e0 tous, Apr\u00e8s cette coupure d&rsquo;une semaine qui nous a permis de reprendre la main au niveau du travail du sol, nous reprenons les distributions ce soir avec, je vous le rappelle, une double distribution permettant de compenser l&rsquo;absence de celle du 19 juin. Elle aura lieu, comme vous l&rsquo;a d\u00e9j\u00e0 stipul\u00e9 Marie, Espace &hellip; <a href=\"https:\/\/pomme-d-amap.org\/index.php\/2018\/06\/26\/distribution-du-26-06-18\/\" class=\"more-link\">Continuer la lecture de <span class=\"screen-reader-text\">Distribution du 26\/06\/18<\/span>  <span class=\"meta-nav\">&rarr;<\/span><\/a><\/p>\n","protected":false},"author":1,"featured_media":0,"comment_status":"closed","ping_status":"closed","sticky":false,"template":"","format":"standard","meta":{"footnotes":""},"categories":[11],"tags":[],"class_list":["post-728","post","type-post","status-publish","format-standard","hentry","category-distributions"],"_links":{"self":[{"href":"https:\/\/pomme-d-amap.org\/index.php\/wp-json\/wp\/v2\/posts\/728","targetHints":{"allow":["GET"]}}],"collection":[{"href":"https:\/\/pomme-d-amap.org\/index.php\/wp-json\/wp\/v2\/posts"}],"about":[{"href":"https:\/\/pomme-d-amap.org\/index.php\/wp-json\/wp\/v2\/types\/post"}],"author":[{"embeddable":true,"href":"https:\/\/pomme-d-amap.org\/index.php\/wp-json\/wp\/v2\/users\/1"}],"replies":[{"embeddable":true,"href":"https:\/\/pomme-d-amap.org\/index.php\/wp-json\/wp\/v2\/comments?post=728"}],"version-history":[{"count":1,"href":"https:\/\/pomme-d-amap.org\/index.php\/wp-json\/wp\/v2\/posts\/728\/revisions"}],"predecessor-version":[{"id":729,"href":"https:\/\/pomme-d-amap.org\/index.php\/wp-json\/wp\/v2\/posts\/728\/revisions\/729"}],"wp:attachment":[{"href":"https:\/\/pomme-d-amap.org\/index.php\/wp-json\/wp\/v2\/media?parent=728"}],"wp:term":[{"taxonomy":"category","embeddable":true,"href":"https:\/\/pomme-d-amap.org\/index.php\/wp-json\/wp\/v2\/categories?post=728"},{"taxonomy":"post_tag","embeddable":true,"href":"https:\/\/pomme-d-amap.org\/index.php\/wp-json\/wp\/v2\/tags?post=728"}],"curies":[{"name":"wp","href":"https:\/\/api.w.org\/{rel}","templated":true}]}}