{"id":752,"date":"2018-07-10T07:51:30","date_gmt":"2018-07-10T06:51:30","guid":{"rendered":"http:\/\/pomme-d-amap.org\/?p=752"},"modified":"2018-07-10T07:51:30","modified_gmt":"2018-07-10T06:51:30","slug":"distribution-du-10-07-18","status":"publish","type":"post","link":"https:\/\/pomme-d-amap.org\/index.php\/2018\/07\/10\/distribution-du-10-07-18\/","title":{"rendered":"Distribution du 10\/07\/18"},"content":{"rendered":"<p>Salut \u00e0 tous,<\/p>\n<p>Bon, ben, \u00e7a valait la peine d&rsquo;attendre, elles sont arriv\u00e9es: les tomates seront dans vos paniers ce soir! Les p\u00e2tissons et les poivrons pointent \u00e9galement le bout de leur nez, bref, c&rsquo;est d\u00e9finitivement l&rsquo;\u00e9t\u00e9&#8230; Cette semaine, nous avons plant\u00e9 l&rsquo;ensemble des choux d&rsquo;automne et d&rsquo;hiver : brocolis, romanesco, choux fleurs, kale, pontoise, fris\u00e9s..et il nous reste donc plus que deux ou trois derniers \u00ab\u00a0gros\u00a0\u00bb chantiers avant l&rsquo;accalmie habituelle du mois d&rsquo;ao\u00fbt: plantation des poireaux (c&rsquo;est pour jeudi) et semis des betteraves (demain) et des navets et radis raves (dans les trois semaines). Quelques plantations diverses \u00e0 venir (concombres, courgettes, chicor\u00e9es&#8230;) mais surtout beaucoup de r\u00e9coltes, de taille et d&rsquo;entretien.<br \/>\nVoici le panier du jour:<\/p>\n<p>&#8211; Pommes de terre 1,5 kg \/ 750 g<br \/>\n&#8211; Tomates (\u00e0 peser)<br \/>\n&#8211; Courgettes (\u00e0 r\u00e9partir)<br \/>\n&#8211; Concombres (\u00e0 r\u00e9partir)<br \/>\n&#8211; Betteraves 800 g \u00e0 1 kg \/ 400 \u00e0 500 g<br \/>\n&#8211; Oignons blancs 500 g \/ 250 g environ<br \/>\n&#8211; Choux rouge ou blanc (pi\u00e8ce, \u00e0 r\u00e9partir)<br \/>\n&#8211; Basilic 1 brin \/ 1<\/p>\n<p>Voil\u00e0, bonne journ\u00e9e et \u00e0 ce soir!<\/p>\n<p>Marc<\/p>\n","protected":false},"excerpt":{"rendered":"<p>Salut \u00e0 tous, Bon, ben, \u00e7a valait la peine d&rsquo;attendre, elles sont arriv\u00e9es: les tomates seront dans vos paniers ce soir! Les p\u00e2tissons et les poivrons pointent \u00e9galement le bout de leur nez, bref, c&rsquo;est d\u00e9finitivement l&rsquo;\u00e9t\u00e9&#8230; Cette semaine, nous avons plant\u00e9 l&rsquo;ensemble des choux d&rsquo;automne et d&rsquo;hiver : brocolis, romanesco, choux fleurs, kale, pontoise, &hellip; <a href=\"https:\/\/pomme-d-amap.org\/index.php\/2018\/07\/10\/distribution-du-10-07-18\/\" class=\"more-link\">Continuer la lecture de <span class=\"screen-reader-text\">Distribution du 10\/07\/18<\/span>  <span class=\"meta-nav\">&rarr;<\/span><\/a><\/p>\n","protected":false},"author":1,"featured_media":0,"comment_status":"closed","ping_status":"closed","sticky":false,"template":"","format":"standard","meta":{"footnotes":""},"categories":[11],"tags":[],"class_list":["post-752","post","type-post","status-publish","format-standard","hentry","category-distributions"],"_links":{"self":[{"href":"https:\/\/pomme-d-amap.org\/index.php\/wp-json\/wp\/v2\/posts\/752","targetHints":{"allow":["GET"]}}],"collection":[{"href":"https:\/\/pomme-d-amap.org\/index.php\/wp-json\/wp\/v2\/posts"}],"about":[{"href":"https:\/\/pomme-d-amap.org\/index.php\/wp-json\/wp\/v2\/types\/post"}],"author":[{"embeddable":true,"href":"https:\/\/pomme-d-amap.org\/index.php\/wp-json\/wp\/v2\/users\/1"}],"replies":[{"embeddable":true,"href":"https:\/\/pomme-d-amap.org\/index.php\/wp-json\/wp\/v2\/comments?post=752"}],"version-history":[{"count":1,"href":"https:\/\/pomme-d-amap.org\/index.php\/wp-json\/wp\/v2\/posts\/752\/revisions"}],"predecessor-version":[{"id":753,"href":"https:\/\/pomme-d-amap.org\/index.php\/wp-json\/wp\/v2\/posts\/752\/revisions\/753"}],"wp:attachment":[{"href":"https:\/\/pomme-d-amap.org\/index.php\/wp-json\/wp\/v2\/media?parent=752"}],"wp:term":[{"taxonomy":"category","embeddable":true,"href":"https:\/\/pomme-d-amap.org\/index.php\/wp-json\/wp\/v2\/categories?post=752"},{"taxonomy":"post_tag","embeddable":true,"href":"https:\/\/pomme-d-amap.org\/index.php\/wp-json\/wp\/v2\/tags?post=752"}],"curies":[{"name":"wp","href":"https:\/\/api.w.org\/{rel}","templated":true}]}}