{"id":759,"date":"2018-07-31T09:28:53","date_gmt":"2018-07-31T08:28:53","guid":{"rendered":"http:\/\/pomme-d-amap.org\/?p=759"},"modified":"2018-07-31T09:28:53","modified_gmt":"2018-07-31T08:28:53","slug":"distribution-du-31-07-18","status":"publish","type":"post","link":"https:\/\/pomme-d-amap.org\/index.php\/2018\/07\/31\/distribution-du-31-07-18\/","title":{"rendered":"Distribution du 31\/07\/18"},"content":{"rendered":"<p>Salut \u00e0 tous,<\/p>\n<p>Apr\u00e8s une petite panne internet enfin r\u00e9solu, je reprends le cours de mes infos hebdomadaires&#8230; Les jours passent au rythme des r\u00e9coltes abondantes des l\u00e9gumes d&rsquo;\u00e9t\u00e9 et de la pr\u00e9paration des derniers semis et plantations. Nous allons semer les radis et les navets de conservation d&rsquo;ici \u00e0 la fin de la semaine, nous avons plant\u00e9 les derni\u00e8res s\u00e9ries de concombres, et courgettes, choux rave, laitues, fenouil et d\u00e9sherb\u00e9 ce samedi gr\u00e2ce \u00e0 votre aide une grande partie des carottes.<br \/>\nJe pars en vacances dans 10 jours et Christian, qui travaille \u00e0 St Augustin pendant trois mois, fera les distributions \u00e0 ma place. Il viendra avec moi ce soir pour les pr\u00e9sentations!<br \/>\nDans le panier du jour, avec plus ou moins de certitudes:<\/p>\n<p>&#8211; Tomates (\u00e0 peser)<br \/>\n&#8211; Aubergines (2\/1<br \/>\n&#8211; Poivrons (\u00e0 compter)<br \/>\n&#8211; P\u00e2tissons (\u00e0 compter)<br \/>\n&#8211; Concombres (\u00e0 compter)<br \/>\n&#8211; Oignons doux de L\u00e9zignan 2\/1<br \/>\n&#8211; Radis roses (selon r\u00e9colte)<br \/>\n&#8211; Laitues 2\/1<br \/>\n&#8211; Blettes (selon r\u00e9colte)<br \/>\n&#8211; Persil 1 botte \/ 1<\/p>\n<p>Voil\u00e0, bonne journ\u00e9e et \u00e0 ce soir!<\/p>\n<p>Marc<\/p>\n","protected":false},"excerpt":{"rendered":"<p>Salut \u00e0 tous, Apr\u00e8s une petite panne internet enfin r\u00e9solu, je reprends le cours de mes infos hebdomadaires&#8230; Les jours passent au rythme des r\u00e9coltes abondantes des l\u00e9gumes d&rsquo;\u00e9t\u00e9 et de la pr\u00e9paration des derniers semis et plantations. Nous allons semer les radis et les navets de conservation d&rsquo;ici \u00e0 la fin de la semaine, &hellip; <a href=\"https:\/\/pomme-d-amap.org\/index.php\/2018\/07\/31\/distribution-du-31-07-18\/\" class=\"more-link\">Continuer la lecture de <span class=\"screen-reader-text\">Distribution du 31\/07\/18<\/span>  <span class=\"meta-nav\">&rarr;<\/span><\/a><\/p>\n","protected":false},"author":1,"featured_media":0,"comment_status":"closed","ping_status":"closed","sticky":false,"template":"","format":"standard","meta":{"footnotes":""},"categories":[11],"tags":[],"class_list":["post-759","post","type-post","status-publish","format-standard","hentry","category-distributions"],"_links":{"self":[{"href":"https:\/\/pomme-d-amap.org\/index.php\/wp-json\/wp\/v2\/posts\/759","targetHints":{"allow":["GET"]}}],"collection":[{"href":"https:\/\/pomme-d-amap.org\/index.php\/wp-json\/wp\/v2\/posts"}],"about":[{"href":"https:\/\/pomme-d-amap.org\/index.php\/wp-json\/wp\/v2\/types\/post"}],"author":[{"embeddable":true,"href":"https:\/\/pomme-d-amap.org\/index.php\/wp-json\/wp\/v2\/users\/1"}],"replies":[{"embeddable":true,"href":"https:\/\/pomme-d-amap.org\/index.php\/wp-json\/wp\/v2\/comments?post=759"}],"version-history":[{"count":1,"href":"https:\/\/pomme-d-amap.org\/index.php\/wp-json\/wp\/v2\/posts\/759\/revisions"}],"predecessor-version":[{"id":760,"href":"https:\/\/pomme-d-amap.org\/index.php\/wp-json\/wp\/v2\/posts\/759\/revisions\/760"}],"wp:attachment":[{"href":"https:\/\/pomme-d-amap.org\/index.php\/wp-json\/wp\/v2\/media?parent=759"}],"wp:term":[{"taxonomy":"category","embeddable":true,"href":"https:\/\/pomme-d-amap.org\/index.php\/wp-json\/wp\/v2\/categories?post=759"},{"taxonomy":"post_tag","embeddable":true,"href":"https:\/\/pomme-d-amap.org\/index.php\/wp-json\/wp\/v2\/tags?post=759"}],"curies":[{"name":"wp","href":"https:\/\/api.w.org\/{rel}","templated":true}]}}