{"id":772,"date":"2018-08-07T16:41:40","date_gmt":"2018-08-07T15:41:40","guid":{"rendered":"http:\/\/pomme-d-amap.org\/?p=772"},"modified":"2018-08-07T16:41:40","modified_gmt":"2018-08-07T15:41:40","slug":"distribution-du-7-08-18","status":"publish","type":"post","link":"https:\/\/pomme-d-amap.org\/index.php\/2018\/08\/07\/distribution-du-7-08-18\/","title":{"rendered":"Distribution du 7\/08\/18"},"content":{"rendered":"<p>Salut \u00e0 tous,<\/p>\n<p>Derni\u00e8re distrib en ce qui me concerne avant la quille&#8230;Christian prendra le relais pour trois semaines, t\u00e2chez d&rsquo;\u00eatre gentils! J&rsquo;en profite pour en remettre une couche sur la semaine prochaine: comme indiqu\u00e9 par votre bureau, la distribution aura lieu le jeudi 16 et non mardi 14 pour cause d\u2019inaccessibilit\u00e9 \u00e0 la salle, pensez \u00e0 pr\u00e9venir vos rempla\u00e7ants&#8230;C&rsquo;est jour de bi\u00e8re aussi (youpi), pensez aux bouteilles vides!<br \/>\nPendant mes trois semaines d\u2019absence, comme chaque \u00e9t\u00e9, vous n&rsquo;aurez pas de mot indiquant le contenu du panier et racontant ma vie, histoire de ne pas surcharger en pression et en travail mes chers coll\u00e8gues, ce sera surprise, mais bon, c&rsquo;est l&rsquo;\u00e9t\u00e9, quoi&#8230; Christian a de toute fa\u00e7on les coordonn\u00e9es des membres du bureau et de certains d&rsquo;entre vous \u00e9tant de distribution pendant mon absence au cas o\u00f9.<br \/>\nSous cette chaleur caniculaire (\u00e7a va changer&#8230;), nous avons plant\u00e9 des choux chinois, quasiment termin\u00e9 le d\u00e9sherbage des carottes, bien entam\u00e9 celui des choux et sem\u00e9 les navets et radis de conservation et bien entendu, lanc\u00e9 des lignes d&rsquo;irrigation en veux-tu, en voil\u00e0. Le panier du jour devrait ressembler \u00e0 \u00e7a m\u00eame si nous ne nous en occupons qu&rsquo;aujourd&rsquo;hui:<\/p>\n<p>&#8211; Tomates (\u00e0 peser, beaucoup)<br \/>\n&#8211; Courgettes (\u00e0 compter)<br \/>\n&#8211; Concombres (\u00e0 compter)<br \/>\n&#8211; Aubergines 2 \/1 a priori<br \/>\n&#8211; Poivrons (\u00e0 compter)<br \/>\n&#8211; Laitues 1 \/1<br \/>\n&#8211; Blettes (selon r\u00e9colte)<br \/>\n&#8211; Oignons blancs 500 g \/ 250 g<br \/>\n&#8211; Melons (\u00e0 r\u00e9partir)<br \/>\n&#8211; Basilic 2 brins \/1<\/p>\n<p>Derni\u00e8re petite chose, je sais bien que les paniers d&rsquo;\u00e9t\u00e9 sont abondants et que la nature est parfois g\u00e9n\u00e9reuse, mais c&rsquo;est le principe de l&rsquo;amap et \u00e7a compense des paniers d&rsquo;hiver des fois un peu courts; je vous serais reconnaissants de prendre l&rsquo;ensemble des l\u00e9gumes constituant le panier, quitte \u00e0 arroser voisins, amis et famille. Merci de pr\u00e9venir \u00e9galement (surtout?) vos rempla\u00e7ants! Le contenu en entier vous appartient et le stock est souvent ing\u00e9rable.Merci de votre compr\u00e9hension,<\/p>\n<p>Voil\u00e0, bonnes vacances \u00e0 ceux qui partent, bon retour \u00e0 ceux qui reviennent et en attendant, bonne journ\u00e9e aux autres et \u00e0 ce soir!<\/p>\n<p>Marc<\/p>\n","protected":false},"excerpt":{"rendered":"<p>Salut \u00e0 tous, Derni\u00e8re distrib en ce qui me concerne avant la quille&#8230;Christian prendra le relais pour trois semaines, t\u00e2chez d&rsquo;\u00eatre gentils! J&rsquo;en profite pour en remettre une couche sur la semaine prochaine: comme indiqu\u00e9 par votre bureau, la distribution aura lieu le jeudi 16 et non mardi 14 pour cause d\u2019inaccessibilit\u00e9 \u00e0 la salle, &hellip; <a href=\"https:\/\/pomme-d-amap.org\/index.php\/2018\/08\/07\/distribution-du-7-08-18\/\" class=\"more-link\">Continuer la lecture de <span class=\"screen-reader-text\">Distribution du 7\/08\/18<\/span>  <span class=\"meta-nav\">&rarr;<\/span><\/a><\/p>\n","protected":false},"author":1,"featured_media":0,"comment_status":"closed","ping_status":"closed","sticky":false,"template":"","format":"standard","meta":{"footnotes":""},"categories":[11],"tags":[],"class_list":["post-772","post","type-post","status-publish","format-standard","hentry","category-distributions"],"_links":{"self":[{"href":"https:\/\/pomme-d-amap.org\/index.php\/wp-json\/wp\/v2\/posts\/772","targetHints":{"allow":["GET"]}}],"collection":[{"href":"https:\/\/pomme-d-amap.org\/index.php\/wp-json\/wp\/v2\/posts"}],"about":[{"href":"https:\/\/pomme-d-amap.org\/index.php\/wp-json\/wp\/v2\/types\/post"}],"author":[{"embeddable":true,"href":"https:\/\/pomme-d-amap.org\/index.php\/wp-json\/wp\/v2\/users\/1"}],"replies":[{"embeddable":true,"href":"https:\/\/pomme-d-amap.org\/index.php\/wp-json\/wp\/v2\/comments?post=772"}],"version-history":[{"count":1,"href":"https:\/\/pomme-d-amap.org\/index.php\/wp-json\/wp\/v2\/posts\/772\/revisions"}],"predecessor-version":[{"id":773,"href":"https:\/\/pomme-d-amap.org\/index.php\/wp-json\/wp\/v2\/posts\/772\/revisions\/773"}],"wp:attachment":[{"href":"https:\/\/pomme-d-amap.org\/index.php\/wp-json\/wp\/v2\/media?parent=772"}],"wp:term":[{"taxonomy":"category","embeddable":true,"href":"https:\/\/pomme-d-amap.org\/index.php\/wp-json\/wp\/v2\/categories?post=772"},{"taxonomy":"post_tag","embeddable":true,"href":"https:\/\/pomme-d-amap.org\/index.php\/wp-json\/wp\/v2\/tags?post=772"}],"curies":[{"name":"wp","href":"https:\/\/api.w.org\/{rel}","templated":true}]}}