{"id":775,"date":"2018-09-04T08:29:33","date_gmt":"2018-09-04T07:29:33","guid":{"rendered":"http:\/\/pomme-d-amap.org\/?p=775"},"modified":"2018-09-04T08:29:33","modified_gmt":"2018-09-04T07:29:33","slug":"distribution-du-4-09-18","status":"publish","type":"post","link":"https:\/\/pomme-d-amap.org\/index.php\/2018\/09\/04\/distribution-du-4-09-18\/","title":{"rendered":"Distribution du 4\/09\/18"},"content":{"rendered":"<p>Salut \u00e0 tous,<\/p>\n<div><\/div>\n<div>Ravi de vous retrouver apr\u00e8s cette coupure estivale salutaire et d\u00e9finitivement in-dis-pen-sa-ble ! J&rsquo;esp\u00e8re que vous aussi vous avez pu recharger les batteries et repartir du bon pied avec plein de bonnes r\u00e9solutions dans la t\u00eate pour la rentr\u00e9e. Christian et Lucile m&rsquo;ont racont\u00e9 les trois semaines sans ma pomme, j&rsquo;esp\u00e8re que tout s&rsquo;est bien pass\u00e9 pour vous aussi !<\/div>\n<div>La saison encore une fois est \u00e0 mettre au rayon jamais vu en ce qui me concerne. Les tomates et les l\u00e9gumes d&rsquo;\u00e9t\u00e9 dans leur ensemble, apr\u00e8s une explosion et un pic hallucinant fin juillet \/ d\u00e9but ao\u00fbt, ont connu un ralentissement consid\u00e9rable. \u00e7a repart mais j&rsquo;ai quand m\u00eame l&rsquo;impression que tous les cycles ont un mois d&rsquo;avance! (les courges seraient presque r\u00e9coltables !)<\/div>\n<div>Bon, enfin, on verra, en attendant une info importante: septembre, c&rsquo;est la r\u00e9colte des pommes de terre. Pour permettre de r\u00e9unir un maximum de personnes, je vais fixer deux dates: le <b>samedi 22 ou dimanche 23 septembre<\/b> (je vous confirme le jour demain ou apr\u00e8s-demain) et le<b> samedi 29 septembre<\/b>. C&rsquo;est traditionnellement un des chantiers amapiens parmi les plus importants o\u00f9 plus les bras sont nombreux, plus les pommes de terre sont au frais et pr\u00eates \u00e0 garnir vos paniers d&rsquo;hiver. Je compte sur votre pr\u00e9sence massive, merci d&rsquo;avance.<\/div>\n<div>Au rayon panier, j&rsquo;ai fait le point hier avec mes coll\u00e8gues, on devrait vous mettre aujourd&rsquo;hui :<\/div>\n<div><\/div>\n<div>&#8211; Tomates (\u00e0 peser)<\/div>\n<div>&#8211; Poivrons,<\/div>\n<div>&#8211; Courgettes,<\/div>\n<div>&#8211; Concombres,<\/div>\n<div>&#8211; P\u00e2tissons (\u00e0 r\u00e9partir)<\/div>\n<div>&#8211; C\u00e9leri branche 6 branches \/3 ou 4\/2<\/div>\n<div>&#8211; Oignons doux des c\u00e9vennes 2\/1<\/div>\n<div>&#8211; Persil ou ciboulette 1 bouquet<\/div>\n<div>&#8211; Laitues 1\/1<\/div>\n<div>&#8211; Melon? Choux? On finalise tout \u00e7a aujourd&rsquo;hui.<\/div>\n<div><\/div>\n<div>Allez, je vous souhaite une bonne journ\u00e9e et \u00e0 ce soir !<\/div>\n<div><\/div>\n<div>Marc<\/div>\n","protected":false},"excerpt":{"rendered":"<p>Salut \u00e0 tous, Ravi de vous retrouver apr\u00e8s cette coupure estivale salutaire et d\u00e9finitivement in-dis-pen-sa-ble ! J&rsquo;esp\u00e8re que vous aussi vous avez pu recharger les batteries et repartir du bon pied avec plein de bonnes r\u00e9solutions dans la t\u00eate pour la rentr\u00e9e. Christian et Lucile m&rsquo;ont racont\u00e9 les trois semaines sans ma pomme, j&rsquo;esp\u00e8re que &hellip; <a href=\"https:\/\/pomme-d-amap.org\/index.php\/2018\/09\/04\/distribution-du-4-09-18\/\" class=\"more-link\">Continuer la lecture de <span class=\"screen-reader-text\">Distribution du 4\/09\/18<\/span>  <span class=\"meta-nav\">&rarr;<\/span><\/a><\/p>\n","protected":false},"author":1,"featured_media":0,"comment_status":"closed","ping_status":"closed","sticky":false,"template":"","format":"standard","meta":{"footnotes":""},"categories":[11],"tags":[],"class_list":["post-775","post","type-post","status-publish","format-standard","hentry","category-distributions"],"_links":{"self":[{"href":"https:\/\/pomme-d-amap.org\/index.php\/wp-json\/wp\/v2\/posts\/775","targetHints":{"allow":["GET"]}}],"collection":[{"href":"https:\/\/pomme-d-amap.org\/index.php\/wp-json\/wp\/v2\/posts"}],"about":[{"href":"https:\/\/pomme-d-amap.org\/index.php\/wp-json\/wp\/v2\/types\/post"}],"author":[{"embeddable":true,"href":"https:\/\/pomme-d-amap.org\/index.php\/wp-json\/wp\/v2\/users\/1"}],"replies":[{"embeddable":true,"href":"https:\/\/pomme-d-amap.org\/index.php\/wp-json\/wp\/v2\/comments?post=775"}],"version-history":[{"count":1,"href":"https:\/\/pomme-d-amap.org\/index.php\/wp-json\/wp\/v2\/posts\/775\/revisions"}],"predecessor-version":[{"id":776,"href":"https:\/\/pomme-d-amap.org\/index.php\/wp-json\/wp\/v2\/posts\/775\/revisions\/776"}],"wp:attachment":[{"href":"https:\/\/pomme-d-amap.org\/index.php\/wp-json\/wp\/v2\/media?parent=775"}],"wp:term":[{"taxonomy":"category","embeddable":true,"href":"https:\/\/pomme-d-amap.org\/index.php\/wp-json\/wp\/v2\/categories?post=775"},{"taxonomy":"post_tag","embeddable":true,"href":"https:\/\/pomme-d-amap.org\/index.php\/wp-json\/wp\/v2\/tags?post=775"}],"curies":[{"name":"wp","href":"https:\/\/api.w.org\/{rel}","templated":true}]}}