{"id":777,"date":"2018-09-11T09:07:56","date_gmt":"2018-09-11T08:07:56","guid":{"rendered":"http:\/\/pomme-d-amap.org\/?p=777"},"modified":"2018-09-11T09:09:14","modified_gmt":"2018-09-11T08:09:14","slug":"distribution-du-11-09-18","status":"publish","type":"post","link":"https:\/\/pomme-d-amap.org\/index.php\/2018\/09\/11\/distribution-du-11-09-18\/","title":{"rendered":"Distribution du 11\/09\/18"},"content":{"rendered":"<p>Salut \u00e0 tous,<\/p>\n<div>Dr\u00f4le de rentr\u00e9e ! Je vous avoue \u00eatre de plus en plus perplexe sur les cycles, les timings et le comportement de certains l\u00e9gumes&#8230; Les l\u00e9gumes d&rsquo;\u00e9t\u00e9 semblent repartir p\u00e9niblement mais ont globalement une t\u00eate de fin de cycle, les racines d&rsquo;automne (carottes, betteraves, radis raves, navets, c\u00e9leris..) ainsi que toutes les s\u00e9ries de choux d&rsquo;automne \/hiver poussent comme rarement mais ne sont \u00e9videmment pas pr\u00eates , les premi\u00e8res pommes de terre (sans irrigation) r\u00e9colt\u00e9es sont petites, bref, les sentiments sont mitig\u00e9s et je ne sais plus quel mois j&rsquo;habite (r\u00e9chauffement ??! Comme d&rsquo;habitude en cette p\u00e9riode de transition et plus particuli\u00e8rement dans ces conditions, je prends des sueurs \u00e0 l&rsquo;id\u00e9e de garnir le panier suivant !.. En attendant, on commence la pr\u00e9paration des planches en serres pour les premi\u00e8res plantations d&rsquo;automne, on continue \u00e0 d\u00e9sherber, irriguer, r\u00e9colter et on serre les fesses ! On va s&rsquo;en sortir&#8230;<\/div>\n<div>Sur un autre sujet, un coup d\u2019\u0153il au <a href=\"https:\/\/framadate.org\/C6RWe93oljZEk59h\">framadate<\/a> lanc\u00e9 par la cellule coup de pouce m&rsquo;a permis de voir que certains d&rsquo;entre vous s&rsquo;\u00e9taient d\u00e9j\u00e0 inscrits aux c<b>hantiers pommes de terre des 22 et 29<\/b>\u00a0<b>septembre <\/b>mais nous sommes encore assez peu nombreux, merci de vous inscrire rapidement que nous puissions nous compter !<\/div>\n<div>Il faut que nous fassions la r\u00e9partition des l\u00e9gumes d&rsquo;\u00e9t\u00e9 ce matin donc voici votre panier sans certitudes :<\/div>\n<div><\/div>\n<div>&#8211; Pommes de terre 1,5 kg \/ 750 g<\/div>\n<div>&#8211; Tomates 1kg? \/ 500 g?<\/div>\n<div>&#8211; Concombres (\u00e0 compter)<\/div>\n<div>&#8211; P\u00e2tissons ou courgettes ou aubergines ou poivrons ou un peu de tout \u00e7a ou la moiti\u00e9!<\/div>\n<div>&#8211; Choux Kale (quantit\u00e9 selon r\u00e9colte)<\/div>\n<div>&#8211; Blettes (quantit\u00e9 selon r\u00e9colte)<\/div>\n<div>&#8211; Oignons blancs 500 g \/ 250 g<\/div>\n<div>&#8211; Laitues 1\/1<\/div>\n<div>&#8211; Basilic en vrac<\/div>\n<div><\/div>\n<div>Voil\u00e0, bonne journ\u00e9e et \u00e0 ce soir&#8230;ESPACE ROBESPIERRE !!!<\/div>\n","protected":false},"excerpt":{"rendered":"<p>Salut \u00e0 tous, Dr\u00f4le de rentr\u00e9e ! Je vous avoue \u00eatre de plus en plus perplexe sur les cycles, les timings et le comportement de certains l\u00e9gumes&#8230; Les l\u00e9gumes d&rsquo;\u00e9t\u00e9 semblent repartir p\u00e9niblement mais ont globalement une t\u00eate de fin de cycle, les racines d&rsquo;automne (carottes, betteraves, radis raves, navets, c\u00e9leris..) ainsi que toutes les &hellip; <a href=\"https:\/\/pomme-d-amap.org\/index.php\/2018\/09\/11\/distribution-du-11-09-18\/\" class=\"more-link\">Continuer la lecture de <span class=\"screen-reader-text\">Distribution du 11\/09\/18<\/span>  <span class=\"meta-nav\">&rarr;<\/span><\/a><\/p>\n","protected":false},"author":1,"featured_media":0,"comment_status":"closed","ping_status":"closed","sticky":false,"template":"","format":"standard","meta":{"footnotes":""},"categories":[11],"tags":[],"class_list":["post-777","post","type-post","status-publish","format-standard","hentry","category-distributions"],"_links":{"self":[{"href":"https:\/\/pomme-d-amap.org\/index.php\/wp-json\/wp\/v2\/posts\/777","targetHints":{"allow":["GET"]}}],"collection":[{"href":"https:\/\/pomme-d-amap.org\/index.php\/wp-json\/wp\/v2\/posts"}],"about":[{"href":"https:\/\/pomme-d-amap.org\/index.php\/wp-json\/wp\/v2\/types\/post"}],"author":[{"embeddable":true,"href":"https:\/\/pomme-d-amap.org\/index.php\/wp-json\/wp\/v2\/users\/1"}],"replies":[{"embeddable":true,"href":"https:\/\/pomme-d-amap.org\/index.php\/wp-json\/wp\/v2\/comments?post=777"}],"version-history":[{"count":2,"href":"https:\/\/pomme-d-amap.org\/index.php\/wp-json\/wp\/v2\/posts\/777\/revisions"}],"predecessor-version":[{"id":779,"href":"https:\/\/pomme-d-amap.org\/index.php\/wp-json\/wp\/v2\/posts\/777\/revisions\/779"}],"wp:attachment":[{"href":"https:\/\/pomme-d-amap.org\/index.php\/wp-json\/wp\/v2\/media?parent=777"}],"wp:term":[{"taxonomy":"category","embeddable":true,"href":"https:\/\/pomme-d-amap.org\/index.php\/wp-json\/wp\/v2\/categories?post=777"},{"taxonomy":"post_tag","embeddable":true,"href":"https:\/\/pomme-d-amap.org\/index.php\/wp-json\/wp\/v2\/tags?post=777"}],"curies":[{"name":"wp","href":"https:\/\/api.w.org\/{rel}","templated":true}]}}