{"id":781,"date":"2018-09-18T09:31:04","date_gmt":"2018-09-18T08:31:04","guid":{"rendered":"http:\/\/pomme-d-amap.org\/?p=781"},"modified":"2018-09-18T09:31:04","modified_gmt":"2018-09-18T08:31:04","slug":"distribution-18-09-18","status":"publish","type":"post","link":"https:\/\/pomme-d-amap.org\/index.php\/2018\/09\/18\/distribution-18-09-18\/","title":{"rendered":"Distribution 18\/09\/18"},"content":{"rendered":"<div id=\":1g9\" class=\"a3s aXjCH \">\n<div dir=\"ltr\">Salut \u00e0 tous,<\/p>\n<div><\/div>\n<div>Petit mot rapide ce matin, un peu press\u00e9 par le rythme, beaucoup de r\u00e9coltes \u00e0 effectuer aujourd&rsquo;hui car la journ\u00e9e d&rsquo;hier \u00e9tait consacr\u00e9e aux premi\u00e8res plantations d&rsquo;automne en serre. Nous avons plant\u00e9 laitues, m\u00e2che, fenouil, blettes et \u00e9pinards qui garniront vos paniers dans les semaines \u00e0 venir. Les l\u00e9gumes d&rsquo;\u00e9t\u00e9 me laissent toujours aussi perplexe, encore des tomates mais plus pour longtemps, certains repartent, comme les concombres, les poivrons, d&rsquo;autres stagnent, comme les courgettes, mais bon, on va petit \u00e0 petit repartir sur autre chose.<\/div>\n<div>Je vous rappelle le premier chantier patates de samedi 22, vous trouverez toutes les infos si vous \u00eates int\u00e9ress\u00e9s dans les pr\u00e9c\u00e9dents mails. N&rsquo;h\u00e9sitez-pas \u00e0 me poser des questions ce soir sur l&rsquo;organsation de la journ\u00e9e.<\/div>\n<div>Voici le panier approximatif du jour:<\/div>\n<div><\/div>\n<div>&#8211; Pommes de terre 1,5 kg \/ 500 g<\/div>\n<div>&#8211; Tomates 1 kg environ \/ 500 g<\/div>\n<div>&#8211; Poivrons 4\/2<\/div>\n<div>&#8211; Oignons doux 2\/1<\/div>\n<div>&#8211; C\u00e9leri branche 6\/3<\/div>\n<div>&#8211; Courgettes 2\/1<\/div>\n<div>&#8211; Choucroute 1 kg\/500 g<\/div>\n<div>&#8211; Basilic 2\/1 ou en vrac<\/div>\n<div><\/div>\n<div>Voil\u00e0, bonne journ\u00e9e et \u00e0 ce soir!<\/div>\n<\/div>\n<\/div>\n","protected":false},"excerpt":{"rendered":"<p>Salut \u00e0 tous, Petit mot rapide ce matin, un peu press\u00e9 par le rythme, beaucoup de r\u00e9coltes \u00e0 effectuer aujourd&rsquo;hui car la journ\u00e9e d&rsquo;hier \u00e9tait consacr\u00e9e aux premi\u00e8res plantations d&rsquo;automne en serre. Nous avons plant\u00e9 laitues, m\u00e2che, fenouil, blettes et \u00e9pinards qui garniront vos paniers dans les semaines \u00e0 venir. Les l\u00e9gumes d&rsquo;\u00e9t\u00e9 me laissent &hellip; <a href=\"https:\/\/pomme-d-amap.org\/index.php\/2018\/09\/18\/distribution-18-09-18\/\" class=\"more-link\">Continuer la lecture de <span class=\"screen-reader-text\">Distribution 18\/09\/18<\/span>  <span class=\"meta-nav\">&rarr;<\/span><\/a><\/p>\n","protected":false},"author":1,"featured_media":0,"comment_status":"closed","ping_status":"closed","sticky":false,"template":"","format":"standard","meta":{"footnotes":""},"categories":[11],"tags":[],"class_list":["post-781","post","type-post","status-publish","format-standard","hentry","category-distributions"],"_links":{"self":[{"href":"https:\/\/pomme-d-amap.org\/index.php\/wp-json\/wp\/v2\/posts\/781","targetHints":{"allow":["GET"]}}],"collection":[{"href":"https:\/\/pomme-d-amap.org\/index.php\/wp-json\/wp\/v2\/posts"}],"about":[{"href":"https:\/\/pomme-d-amap.org\/index.php\/wp-json\/wp\/v2\/types\/post"}],"author":[{"embeddable":true,"href":"https:\/\/pomme-d-amap.org\/index.php\/wp-json\/wp\/v2\/users\/1"}],"replies":[{"embeddable":true,"href":"https:\/\/pomme-d-amap.org\/index.php\/wp-json\/wp\/v2\/comments?post=781"}],"version-history":[{"count":1,"href":"https:\/\/pomme-d-amap.org\/index.php\/wp-json\/wp\/v2\/posts\/781\/revisions"}],"predecessor-version":[{"id":782,"href":"https:\/\/pomme-d-amap.org\/index.php\/wp-json\/wp\/v2\/posts\/781\/revisions\/782"}],"wp:attachment":[{"href":"https:\/\/pomme-d-amap.org\/index.php\/wp-json\/wp\/v2\/media?parent=781"}],"wp:term":[{"taxonomy":"category","embeddable":true,"href":"https:\/\/pomme-d-amap.org\/index.php\/wp-json\/wp\/v2\/categories?post=781"},{"taxonomy":"post_tag","embeddable":true,"href":"https:\/\/pomme-d-amap.org\/index.php\/wp-json\/wp\/v2\/tags?post=781"}],"curies":[{"name":"wp","href":"https:\/\/api.w.org\/{rel}","templated":true}]}}