{"id":790,"date":"2018-09-23T22:28:00","date_gmt":"2018-09-23T21:28:00","guid":{"rendered":"http:\/\/pomme-d-amap.org\/?p=790"},"modified":"2018-09-23T22:28:00","modified_gmt":"2018-09-23T21:28:00","slug":"premiere-journee-de-recolte-de-pommes-de-terre-2018","status":"publish","type":"post","link":"https:\/\/pomme-d-amap.org\/index.php\/2018\/09\/23\/premiere-journee-de-recolte-de-pommes-de-terre-2018\/","title":{"rendered":"Premi\u00e8re journ\u00e9e de r\u00e9colte de pommes de terre &#8211; 2018"},"content":{"rendered":"<p>&nbsp;<\/p>\n<p>[supsystic-gallery id=&rsquo;12&rsquo;]<\/p>\n<p>Une vingtaine d&rsquo;amapiens et amapiennes se sont mobilis\u00e9s samedi 22 septembre 2018 pour une premi\u00e8re journ\u00e9e de r\u00e9colte annuelle de pommes de terre (ditta, agria et rubis).<\/p>\n<p>D&rsquo;abord, petit briefing de Marc autour d&rsquo;un caf\u00e9-croissants. Les pommes de terres se trouvent sur une nouvelle parcelle sp\u00e9cialement mise \u00e0 disposition.<\/p>\n<p>Avant de commencer, une \u00e9tape indispensable\u00a0: on retourne la terre avec le tracteur. Une machine accroch\u00e9e au tracteur retourne la terre qui passe sur un tamis et recrache le tout, ce qui fait appara\u00eetre lesdites patates.<\/p>\n<p>Le soleil de la matin\u00e9e r\u00e9chauffe les c\u0153urs et les corps. On tombe les pulls et les chemises. H\u00e9l\u00e8ne arbore un magnifique t-shirt customis\u00e9 pour l&rsquo;occasion avec le message suivant\u00a0: \u00ab\u00a0On est chaud patate\u00a0!\u00a0\u00bb<\/p>\n<p>Sur le bord du champ, quelques pousses de chanvre passent \u00e0 la moulinette de la tondeuse du paysan voisin, d\u00e9livrant ainsi un d\u00e9licieux parfum qui n&rsquo;aura pas \u00e9chapp\u00e9 aux connaisseurs.<\/p>\n<p>Sous les doigts agiles de amapiens, des pommes de terres de calibres tr\u00e8s variables se r\u00e9v\u00e8lent. Tous comme quelques petits insectes joliment par\u00e9s de rayures blanches\u00a0: il s&rsquo;agit des redoutables doryphores, heureusement tr\u00e8s peu nombreux.<\/p>\n<p>Une premi\u00e8re caisse palette se remplit de patates. L&rsquo;occasion pour les enfants de prendre un d\u00e9licieux bain de patates, et m\u00eame des douches de patates. Difficile de les faire descendre, malgr\u00e9 la menace de les r\u00e9duire en hachis parmentier&#8230;<\/p>\n<p>A 13h, pause d\u00e9jeuner\u00a0: un g\u00e2teau au chocolat et aux ch\u00e2taignes remporte un franc succ\u00e8s. On repart gaiement sur la parcelle, mais le temps se g\u00e2te. Une pluie fine mais heureusement \u00e9ph\u00e9m\u00e8re vient rafraichir l&rsquo;air. On a tout de m\u00eame pu sortir \u00e9galement les pommes de terre Rubis, souvent de tr\u00e8s belle taille et qui, sous leur fine pellicule de terre sont vraiment couleur rubis, je confirme\u00a0!<\/p>\n<p>Au total\u00a0: 1,8 tonne de patate ont \u00e9t\u00e9 sorties de terre. Pas mal pour une premi\u00e8re culture de ce type sur une parcelle non irrigu\u00e9e et qui a re\u00e7u tr\u00e8s peu de pluie ces derniers mois. Mais il reste encore 4 planches de culture \u00e0 travailler. Donc la participation d&rsquo;autres amapiens le 29 septembre sera la bienvenue pour filer un coup de main \u00e0 Marc\u00a0! On encourage ceux qui ne sont pas encore all\u00e9s sur la parcelle \u00e0 profiter de l&rsquo;air pur et de la bonne humeur\u00a0!<\/p>\n","protected":false},"excerpt":{"rendered":"<p>&nbsp; [supsystic-gallery id=&rsquo;12&rsquo;] Une vingtaine d&rsquo;amapiens et amapiennes se sont mobilis\u00e9s samedi 22 septembre 2018 pour une premi\u00e8re journ\u00e9e de r\u00e9colte annuelle de pommes de terre (ditta, agria et rubis). D&rsquo;abord, petit briefing de Marc autour d&rsquo;un caf\u00e9-croissants. Les pommes de terres se trouvent sur une nouvelle parcelle sp\u00e9cialement mise \u00e0 disposition. Avant de commencer, &hellip; <a href=\"https:\/\/pomme-d-amap.org\/index.php\/2018\/09\/23\/premiere-journee-de-recolte-de-pommes-de-terre-2018\/\" class=\"more-link\">Continuer la lecture de <span class=\"screen-reader-text\">Premi\u00e8re journ\u00e9e de r\u00e9colte de pommes de terre &#8211; 2018<\/span>  <span class=\"meta-nav\">&rarr;<\/span><\/a><\/p>\n","protected":false},"author":1,"featured_media":0,"comment_status":"closed","ping_status":"closed","sticky":false,"template":"","format":"standard","meta":{"footnotes":""},"categories":[16,4],"tags":[],"class_list":["post-790","post","type-post","status-publish","format-standard","hentry","category-galerie-dimages","category-coups-de-pouce-a-la-ferme"],"_links":{"self":[{"href":"https:\/\/pomme-d-amap.org\/index.php\/wp-json\/wp\/v2\/posts\/790","targetHints":{"allow":["GET"]}}],"collection":[{"href":"https:\/\/pomme-d-amap.org\/index.php\/wp-json\/wp\/v2\/posts"}],"about":[{"href":"https:\/\/pomme-d-amap.org\/index.php\/wp-json\/wp\/v2\/types\/post"}],"author":[{"embeddable":true,"href":"https:\/\/pomme-d-amap.org\/index.php\/wp-json\/wp\/v2\/users\/1"}],"replies":[{"embeddable":true,"href":"https:\/\/pomme-d-amap.org\/index.php\/wp-json\/wp\/v2\/comments?post=790"}],"version-history":[{"count":1,"href":"https:\/\/pomme-d-amap.org\/index.php\/wp-json\/wp\/v2\/posts\/790\/revisions"}],"predecessor-version":[{"id":791,"href":"https:\/\/pomme-d-amap.org\/index.php\/wp-json\/wp\/v2\/posts\/790\/revisions\/791"}],"wp:attachment":[{"href":"https:\/\/pomme-d-amap.org\/index.php\/wp-json\/wp\/v2\/media?parent=790"}],"wp:term":[{"taxonomy":"category","embeddable":true,"href":"https:\/\/pomme-d-amap.org\/index.php\/wp-json\/wp\/v2\/categories?post=790"},{"taxonomy":"post_tag","embeddable":true,"href":"https:\/\/pomme-d-amap.org\/index.php\/wp-json\/wp\/v2\/tags?post=790"}],"curies":[{"name":"wp","href":"https:\/\/api.w.org\/{rel}","templated":true}]}}