{"id":792,"date":"2018-09-25T08:29:06","date_gmt":"2018-09-25T07:29:06","guid":{"rendered":"http:\/\/pomme-d-amap.org\/?p=792"},"modified":"2018-09-25T08:29:06","modified_gmt":"2018-09-25T07:29:06","slug":"distribution-du-25-09-18","status":"publish","type":"post","link":"https:\/\/pomme-d-amap.org\/index.php\/2018\/09\/25\/distribution-du-25-09-18\/","title":{"rendered":"Distribution du 25\/09\/18"},"content":{"rendered":"<p>Salut \u00e0 tous,<\/p>\n<p>Bon, on remet les pulls, mais \u00e7a, il fallait s&rsquo;y attendre. Le man\u00e8ge fermeture des serres le soir, ouverture le matin, en attendant celui des voiles de protection thermique, a recommenc\u00e9! mais visiblement, la semaine risque d&rsquo;\u00eatre belle et les temp\u00e9ratures de remonter un peu en milieu de semaine&#8230;En attendant, nous avons r\u00e9ussi \u00e0 jongler entre les pluies de vendredi matin et celles de dimanche pour faire une belle journ\u00e9e de r\u00e9colte de pommes de terre samedi. Bon, le rendement est loin d&rsquo;\u00eatre exceptionnel, certaines vari\u00e9t\u00e9s pas au top mais pour une parcelle provisoire et sans irrigation une ann\u00e9e tr\u00e8s s\u00e8che, ce n&rsquo;est pas mal&#8230;Nous avons environ 1,8 t au frigo et nous pensons faire 3 t en tout avec ce qu&rsquo;il reste \u00e0 r\u00e9colter. Continuez \u00e0 vous inscrire pour samedi! Pour le reste, un tiers des courges est rentr\u00e9, petit calibre cette ann\u00e9e comme en 2016, c&rsquo;est-\u00e0-dire une ann\u00e9e sur deux, les deux ann\u00e9es o\u00f9 on a eu de grosses pluies, voire inondations \u00e0 la p\u00e9riode de plantation&#8230;les syst\u00e8mes racinaires morflent et le d\u00e9veloppement des plantes n&rsquo;est pas au top, mais bon, le nombre a l&rsquo;air d&rsquo;y \u00eatre&#8230; Pour le reste, nous avons rentr\u00e9 les oignons sous serre pour finaliser le s\u00e9chage et pr\u00e9par\u00e9 les planches en serre pour les plantations \u00e0 venir cette semaine.<br \/>\nVotre panier sera compos\u00e9 \u00e0 peu pr\u00e8s de:<\/p>\n<p>&#8211; Pommes de terre 1,5 kg \/ 750 g<br \/>\n&#8211; Carottes (\u00e0 r\u00e9colter, botte ou poids)<br \/>\n&#8211; Tomates 1 kg \/ 500 g<br \/>\n&#8211; Oignons 500 g \/ 250 g ou 2\/1<br \/>\n&#8211; Ail 2\/1<br \/>\n&#8211; Melons 1 \/ 1\/2 ou 1 petit<br \/>\n&#8211; Basilc (vrac)<br \/>\n&#8211; L\u00e9gumes d&rsquo;\u00e9t\u00e9 \u00e0 compter ou r\u00e9partir (courgettes, ou comcombres ou poivrons ou aubergines)<\/p>\n<p>Voil\u00e0, bonne journ\u00e9e et \u00e0 ce soir!<\/p>\n<p>Marc<\/p>\n","protected":false},"excerpt":{"rendered":"<p>Salut \u00e0 tous, Bon, on remet les pulls, mais \u00e7a, il fallait s&rsquo;y attendre. Le man\u00e8ge fermeture des serres le soir, ouverture le matin, en attendant celui des voiles de protection thermique, a recommenc\u00e9! mais visiblement, la semaine risque d&rsquo;\u00eatre belle et les temp\u00e9ratures de remonter un peu en milieu de semaine&#8230;En attendant, nous avons &hellip; <a href=\"https:\/\/pomme-d-amap.org\/index.php\/2018\/09\/25\/distribution-du-25-09-18\/\" class=\"more-link\">Continuer la lecture de <span class=\"screen-reader-text\">Distribution du 25\/09\/18<\/span>  <span class=\"meta-nav\">&rarr;<\/span><\/a><\/p>\n","protected":false},"author":1,"featured_media":0,"comment_status":"closed","ping_status":"closed","sticky":false,"template":"","format":"standard","meta":{"footnotes":""},"categories":[11],"tags":[],"class_list":["post-792","post","type-post","status-publish","format-standard","hentry","category-distributions"],"_links":{"self":[{"href":"https:\/\/pomme-d-amap.org\/index.php\/wp-json\/wp\/v2\/posts\/792","targetHints":{"allow":["GET"]}}],"collection":[{"href":"https:\/\/pomme-d-amap.org\/index.php\/wp-json\/wp\/v2\/posts"}],"about":[{"href":"https:\/\/pomme-d-amap.org\/index.php\/wp-json\/wp\/v2\/types\/post"}],"author":[{"embeddable":true,"href":"https:\/\/pomme-d-amap.org\/index.php\/wp-json\/wp\/v2\/users\/1"}],"replies":[{"embeddable":true,"href":"https:\/\/pomme-d-amap.org\/index.php\/wp-json\/wp\/v2\/comments?post=792"}],"version-history":[{"count":1,"href":"https:\/\/pomme-d-amap.org\/index.php\/wp-json\/wp\/v2\/posts\/792\/revisions"}],"predecessor-version":[{"id":793,"href":"https:\/\/pomme-d-amap.org\/index.php\/wp-json\/wp\/v2\/posts\/792\/revisions\/793"}],"wp:attachment":[{"href":"https:\/\/pomme-d-amap.org\/index.php\/wp-json\/wp\/v2\/media?parent=792"}],"wp:term":[{"taxonomy":"category","embeddable":true,"href":"https:\/\/pomme-d-amap.org\/index.php\/wp-json\/wp\/v2\/categories?post=792"},{"taxonomy":"post_tag","embeddable":true,"href":"https:\/\/pomme-d-amap.org\/index.php\/wp-json\/wp\/v2\/tags?post=792"}],"curies":[{"name":"wp","href":"https:\/\/api.w.org\/{rel}","templated":true}]}}