{"id":795,"date":"2018-10-02T08:43:32","date_gmt":"2018-10-02T07:43:32","guid":{"rendered":"http:\/\/pomme-d-amap.org\/?p=795"},"modified":"2018-10-02T08:43:32","modified_gmt":"2018-10-02T07:43:32","slug":"distribution-du-2-10-18","status":"publish","type":"post","link":"https:\/\/pomme-d-amap.org\/index.php\/2018\/10\/02\/distribution-du-2-10-18\/","title":{"rendered":"Distribution du 2\/10\/18"},"content":{"rendered":"<p>Salut \u00e0 tous,<\/p>\n<p>Et voil\u00e0 ! Apr\u00e8s une deuxi\u00e8me journ\u00e9e aussi agr\u00e9able qu&rsquo;efficace, nous sommes venus \u00e0 bout des pommes de terre et tout stock\u00e9 dans les chambres froides&#8230; Gr\u00e2ce \u00e0 votre nombre, nous avons m\u00eame r\u00e9ussi \u00e0 terminer avant la pause pique-nique et de profiter pleinement du soleil de l&rsquo;automne&#8230;Place au chantier carottes, maintenant ! Comme je le disais \u00e0 certains d&rsquo;entre vous, traditionnellement, celui-ci se d\u00e9roule fin octobre. Les vacances scolaires tombant pile-poil \u00e0 ce moment l\u00e0, je suis h\u00e9sitant sur la date mais il est possible que je fasse une premi\u00e8re session le premier samedi des vacances, on verra. J&rsquo;aimerai juste \u00e9viter la mauvaise surprise de l&rsquo;ann\u00e9e derni\u00e8re, o\u00f9 entre temps humide et nombre peu important de participants, nous nous y sommes repris \u00e0 cinq fois et sur plusieurs mois pour rentrer toutes les carottes de stock! On va fixer \u00e7a dans les jours qui viennent&#8230; Pour le reste, nous avons plant\u00e9 roquette, \u00e9pinards, laitues et persil dans les tunnels qui commencent doucement \u00e0 se remplir de leurs couleurs d&rsquo;automne. C&rsquo;est fini pour les concombres et les p\u00e2tissons, pas encore pour les tomates qui font un peu de r\u00e9sistance, mais l&rsquo;\u00e9t\u00e9 semble de plus en plus derri\u00e8re nous&#8230;<br \/>\nVoici votre presque panier, finalis\u00e9 dans la journ\u00e9e :<\/p>\n<p>&#8211; Pommes de terre 1,5 kg \/ 750 g<br \/>\n&#8211; Carottes 1,2 kg \/ 600 g<br \/>\n&#8211; Tomates environ 1 kg \/ 500 g<br \/>\n&#8211; Oignons jaunes 500 g \/ 250 g<br \/>\n&#8211; Poivrons &#8211; \u00e0 r\u00e9colter<br \/>\n&#8211; Melons ou p\u00e2tissons ou courgettes &#8211; \u00e0 r\u00e9partir<br \/>\n&#8211; Brocoli (grands paniers)<br \/>\n&#8211; Laitues 1\/1<\/p>\n<p>Voil\u00e0, bonne journ\u00e9e et \u00e0 ce soir !<\/p>\n<p>Marc<\/p>\n","protected":false},"excerpt":{"rendered":"<p>Salut \u00e0 tous, Et voil\u00e0 ! Apr\u00e8s une deuxi\u00e8me journ\u00e9e aussi agr\u00e9able qu&rsquo;efficace, nous sommes venus \u00e0 bout des pommes de terre et tout stock\u00e9 dans les chambres froides&#8230; Gr\u00e2ce \u00e0 votre nombre, nous avons m\u00eame r\u00e9ussi \u00e0 terminer avant la pause pique-nique et de profiter pleinement du soleil de l&rsquo;automne&#8230;Place au chantier carottes, maintenant &hellip; <a href=\"https:\/\/pomme-d-amap.org\/index.php\/2018\/10\/02\/distribution-du-2-10-18\/\" class=\"more-link\">Continuer la lecture de <span class=\"screen-reader-text\">Distribution du 2\/10\/18<\/span>  <span class=\"meta-nav\">&rarr;<\/span><\/a><\/p>\n","protected":false},"author":1,"featured_media":0,"comment_status":"closed","ping_status":"closed","sticky":false,"template":"","format":"standard","meta":{"footnotes":""},"categories":[11],"tags":[],"class_list":["post-795","post","type-post","status-publish","format-standard","hentry","category-distributions"],"_links":{"self":[{"href":"https:\/\/pomme-d-amap.org\/index.php\/wp-json\/wp\/v2\/posts\/795","targetHints":{"allow":["GET"]}}],"collection":[{"href":"https:\/\/pomme-d-amap.org\/index.php\/wp-json\/wp\/v2\/posts"}],"about":[{"href":"https:\/\/pomme-d-amap.org\/index.php\/wp-json\/wp\/v2\/types\/post"}],"author":[{"embeddable":true,"href":"https:\/\/pomme-d-amap.org\/index.php\/wp-json\/wp\/v2\/users\/1"}],"replies":[{"embeddable":true,"href":"https:\/\/pomme-d-amap.org\/index.php\/wp-json\/wp\/v2\/comments?post=795"}],"version-history":[{"count":1,"href":"https:\/\/pomme-d-amap.org\/index.php\/wp-json\/wp\/v2\/posts\/795\/revisions"}],"predecessor-version":[{"id":796,"href":"https:\/\/pomme-d-amap.org\/index.php\/wp-json\/wp\/v2\/posts\/795\/revisions\/796"}],"wp:attachment":[{"href":"https:\/\/pomme-d-amap.org\/index.php\/wp-json\/wp\/v2\/media?parent=795"}],"wp:term":[{"taxonomy":"category","embeddable":true,"href":"https:\/\/pomme-d-amap.org\/index.php\/wp-json\/wp\/v2\/categories?post=795"},{"taxonomy":"post_tag","embeddable":true,"href":"https:\/\/pomme-d-amap.org\/index.php\/wp-json\/wp\/v2\/tags?post=795"}],"curies":[{"name":"wp","href":"https:\/\/api.w.org\/{rel}","templated":true}]}}