{"id":797,"date":"2018-10-09T08:25:36","date_gmt":"2018-10-09T07:25:36","guid":{"rendered":"http:\/\/pomme-d-amap.org\/?p=797"},"modified":"2018-10-09T08:25:36","modified_gmt":"2018-10-09T07:25:36","slug":"distribution-du-9-10-18","status":"publish","type":"post","link":"https:\/\/pomme-d-amap.org\/index.php\/2018\/10\/09\/distribution-du-9-10-18\/","title":{"rendered":"Distribution du 9\/10\/18"},"content":{"rendered":"<p>Salut \u00e0 tous,<\/p>\n<div>Sous le soleil automnal et les va-et-vient de temp\u00e9ratures, nous continuons doucement la transition vers les doudounes et les bonnets. Le tunnel contenant concombres et melons a \u00e9t\u00e9 totalement vid\u00e9 et retravaill\u00e9 pour accueillir les plantations \u00e0 venir, les courges ont continu\u00e9 d&rsquo;\u00eatre coup\u00e9es et rentr\u00e9es au chaud et l&rsquo;engrais vert d&rsquo;hiver\u00a0 (seigle et vesce) sem\u00e9 sur les parcelles ext\u00e9rieures inoccup\u00e9es ou d\u00e9j\u00e0 r\u00e9colt\u00e9es. Nous continuons \u00e0 arroser car malgr\u00e9 les quelques petites pluies de temps \u00e0 autres, le temps est particuli\u00e8rement sec, tout le contraire de l&rsquo;ann\u00e9e pass\u00e9e \u00e0 cette p\u00e9riode! Bonne transition pour vous annoncer les deux journ\u00e9es carottes pr\u00e9vues dans les semaines \u00e0 venir : <b>Samedi 20 octobre <\/b>et <b>dimanche 28 octobre<\/b>.<\/div>\n<div>Deux jours car \u00e7a a particuli\u00e8rement bien march\u00e9 pour les pommes de terre, un samedi et un dimanche pour permettre \u00e0 ceux dont les activit\u00e9s ne leur permettent pas de se rendre disponible de pouvoir enfin profiter de la ferme, et au mois d&rsquo;octobre pour profiter des bonnes conditions de r\u00e9colte et \u00e9viter les sols gorg\u00e9s d&rsquo;eau&#8230; J&rsquo;ai conscience que ces deux dates sont pendant les vacances scolaires mais tout le monde n&rsquo;est pas forc\u00e9ment concern\u00e9. Nous vous lan\u00e7ons un framadate incessamment pour pouvoir vous inscrire et nous compter !<\/div>\n<div>Concernant votre panier, vous aurez :<\/div>\n<div><\/div>\n<div>&#8211; Pommes de terre 1,5 kg \/ 750 g<\/div>\n<div>&#8211; Carottes 1,2 kg \/ 600 g<\/div>\n<div>&#8211; Fenouil 2 \/1<\/div>\n<div>&#8211; Choux chinois Pe-Tsa\u00ef &#8211; \u00e0 compter et r\u00e9partir<\/div>\n<div>&#8211; Oignons rouges simiane 500 g \/ 250 g<\/div>\n<div>&#8211; Radis japonais Misato 500 g \/ 250 g<\/div>\n<div>&#8211; Melons ou courgettes ou aubergines en fonction de la r\u00e9partition des l\u00e9gumes d&rsquo;\u00e9t\u00e9<\/div>\n<div>&#8211; Persil 1\/1<\/div>\n<div><\/div>\n<div>Voil\u00e0, bonne journ\u00e9e et \u00e0 ce soir !<\/div>\n<div><\/div>\n<div>Marc<\/div>\n","protected":false},"excerpt":{"rendered":"<p>Salut \u00e0 tous, Sous le soleil automnal et les va-et-vient de temp\u00e9ratures, nous continuons doucement la transition vers les doudounes et les bonnets. Le tunnel contenant concombres et melons a \u00e9t\u00e9 totalement vid\u00e9 et retravaill\u00e9 pour accueillir les plantations \u00e0 venir, les courges ont continu\u00e9 d&rsquo;\u00eatre coup\u00e9es et rentr\u00e9es au chaud et l&rsquo;engrais vert d&rsquo;hiver\u00a0 &hellip; <a href=\"https:\/\/pomme-d-amap.org\/index.php\/2018\/10\/09\/distribution-du-9-10-18\/\" class=\"more-link\">Continuer la lecture de <span class=\"screen-reader-text\">Distribution du 9\/10\/18<\/span>  <span class=\"meta-nav\">&rarr;<\/span><\/a><\/p>\n","protected":false},"author":1,"featured_media":0,"comment_status":"closed","ping_status":"closed","sticky":false,"template":"","format":"standard","meta":{"footnotes":""},"categories":[11],"tags":[],"class_list":["post-797","post","type-post","status-publish","format-standard","hentry","category-distributions"],"_links":{"self":[{"href":"https:\/\/pomme-d-amap.org\/index.php\/wp-json\/wp\/v2\/posts\/797","targetHints":{"allow":["GET"]}}],"collection":[{"href":"https:\/\/pomme-d-amap.org\/index.php\/wp-json\/wp\/v2\/posts"}],"about":[{"href":"https:\/\/pomme-d-amap.org\/index.php\/wp-json\/wp\/v2\/types\/post"}],"author":[{"embeddable":true,"href":"https:\/\/pomme-d-amap.org\/index.php\/wp-json\/wp\/v2\/users\/1"}],"replies":[{"embeddable":true,"href":"https:\/\/pomme-d-amap.org\/index.php\/wp-json\/wp\/v2\/comments?post=797"}],"version-history":[{"count":1,"href":"https:\/\/pomme-d-amap.org\/index.php\/wp-json\/wp\/v2\/posts\/797\/revisions"}],"predecessor-version":[{"id":798,"href":"https:\/\/pomme-d-amap.org\/index.php\/wp-json\/wp\/v2\/posts\/797\/revisions\/798"}],"wp:attachment":[{"href":"https:\/\/pomme-d-amap.org\/index.php\/wp-json\/wp\/v2\/media?parent=797"}],"wp:term":[{"taxonomy":"category","embeddable":true,"href":"https:\/\/pomme-d-amap.org\/index.php\/wp-json\/wp\/v2\/categories?post=797"},{"taxonomy":"post_tag","embeddable":true,"href":"https:\/\/pomme-d-amap.org\/index.php\/wp-json\/wp\/v2\/tags?post=797"}],"curies":[{"name":"wp","href":"https:\/\/api.w.org\/{rel}","templated":true}]}}