{"id":802,"date":"2018-10-23T08:24:45","date_gmt":"2018-10-23T07:24:45","guid":{"rendered":"http:\/\/pomme-d-amap.org\/?p=802"},"modified":"2018-10-23T08:24:45","modified_gmt":"2018-10-23T07:24:45","slug":"distribution-du-23-10-18","status":"publish","type":"post","link":"https:\/\/pomme-d-amap.org\/index.php\/2018\/10\/23\/distribution-du-23-10-18\/","title":{"rendered":"Distribution du 23\/10\/18"},"content":{"rendered":"<p>Salut \u00e0 tous,<\/p>\n<div>En ce vrai d\u00e9but d&rsquo;automne, je me contenterai de vous parler d&rsquo;un des l\u00e9gumes phare de la p\u00e9riode : la carotte. Nous avons, gr\u00e2ce \u00e0 l&rsquo;aide pr\u00e9cieuse de 4 Parisiens et 3 Ivryens (&#8230;), r\u00e9colt\u00e9 sous un beau soleil 2,5 planches environ samedi, d&rsquo;abord d&rsquo;une vari\u00e9t\u00e9 qui nous a permis de sortir de beaux calibres puis d&rsquo;une vari\u00e9t\u00e9 o\u00f9 la taille des graines ont cr\u00e9\u00e9 une densit\u00e9 de semis plus importante et donc au final, des carottes plus petites, ce qui nous a p\u00e9nalis\u00e9 sur le nombre de planches en fin de journ\u00e9e. Soit. Il nous reste donc 12 planches, ce qui, entre beaux et petits calibres, devrait nous prendre la journ\u00e9e du <b>dimanche 28 octobre<\/b> puisque nous serons 30&#8230; Sarcasmes, l\u00e9g\u00e8ret\u00e9 et humour douteux mis \u00e0 part, il semble que nous soyons \u00e0 peine plus nombreux dimanche, ce qui laisse envisager un nombre consid\u00e9rable de carottes rest\u00e9es en terre \u00e0 la fin de la semaine.Si vous ne vous \u00eates pas encore inscrits, voici le\u00a0<a href=\"https:\/\/framadate.org\/PUNMSA4FeCCcHZNt\" target=\"_blank\" rel=\"noopener\" data-saferedirecturl=\"https:\/\/www.google.com\/url?q=https:\/\/framadate.org\/PUNMSA4FeCCcHZNt&amp;source=gmail&amp;ust=1540365649341000&amp;usg=AFQjCNGBAcyJ59Rt7cmVyYgOt3OVyOJOlA\">lien<\/a>\u00a0. Merci d&rsquo;avance.<\/div>\n<div><\/div>\n<div>Voici votre panier :<\/div>\n<div><\/div>\n<div>&#8211; Pommes de terre 1,5 kg \/ 750 g<\/div>\n<div>&#8211; Carottes 1,2 kg \/ 600 g<\/div>\n<div>&#8211; Romanesco ou chou fleur (\u00e0 r\u00e9partir)<\/div>\n<div>&#8211; \u00c9chalotes 300 g \/ 150 g<\/div>\n<div>&#8211; Tomates 1 kg \/ 500 g environ<\/div>\n<div>&#8211; Aubergines ou poivrons (selon r\u00e9colte)<\/div>\n<div>&#8211; Blettes (quantit\u00e9 selon r\u00e9colte)<\/div>\n<div>&#8211; M\u00e2che (quantit\u00e9 selon r\u00e9colte)<\/div>\n<div>&#8211; Ciboulette 1 bouquet \/ 1<\/div>\n<div><\/div>\n<div>Voil\u00e0, bonne journ\u00e9e et \u00e0 ce soir !<\/div>\n<div><\/div>\n<div>Marc<\/div>\n","protected":false},"excerpt":{"rendered":"<p>Salut \u00e0 tous, En ce vrai d\u00e9but d&rsquo;automne, je me contenterai de vous parler d&rsquo;un des l\u00e9gumes phare de la p\u00e9riode : la carotte. Nous avons, gr\u00e2ce \u00e0 l&rsquo;aide pr\u00e9cieuse de 4 Parisiens et 3 Ivryens (&#8230;), r\u00e9colt\u00e9 sous un beau soleil 2,5 planches environ samedi, d&rsquo;abord d&rsquo;une vari\u00e9t\u00e9 qui nous a permis de sortir &hellip; <a href=\"https:\/\/pomme-d-amap.org\/index.php\/2018\/10\/23\/distribution-du-23-10-18\/\" class=\"more-link\">Continuer la lecture de <span class=\"screen-reader-text\">Distribution du 23\/10\/18<\/span>  <span class=\"meta-nav\">&rarr;<\/span><\/a><\/p>\n","protected":false},"author":1,"featured_media":0,"comment_status":"closed","ping_status":"closed","sticky":false,"template":"","format":"standard","meta":{"footnotes":""},"categories":[11],"tags":[],"class_list":["post-802","post","type-post","status-publish","format-standard","hentry","category-distributions"],"_links":{"self":[{"href":"https:\/\/pomme-d-amap.org\/index.php\/wp-json\/wp\/v2\/posts\/802","targetHints":{"allow":["GET"]}}],"collection":[{"href":"https:\/\/pomme-d-amap.org\/index.php\/wp-json\/wp\/v2\/posts"}],"about":[{"href":"https:\/\/pomme-d-amap.org\/index.php\/wp-json\/wp\/v2\/types\/post"}],"author":[{"embeddable":true,"href":"https:\/\/pomme-d-amap.org\/index.php\/wp-json\/wp\/v2\/users\/1"}],"replies":[{"embeddable":true,"href":"https:\/\/pomme-d-amap.org\/index.php\/wp-json\/wp\/v2\/comments?post=802"}],"version-history":[{"count":1,"href":"https:\/\/pomme-d-amap.org\/index.php\/wp-json\/wp\/v2\/posts\/802\/revisions"}],"predecessor-version":[{"id":803,"href":"https:\/\/pomme-d-amap.org\/index.php\/wp-json\/wp\/v2\/posts\/802\/revisions\/803"}],"wp:attachment":[{"href":"https:\/\/pomme-d-amap.org\/index.php\/wp-json\/wp\/v2\/media?parent=802"}],"wp:term":[{"taxonomy":"category","embeddable":true,"href":"https:\/\/pomme-d-amap.org\/index.php\/wp-json\/wp\/v2\/categories?post=802"},{"taxonomy":"post_tag","embeddable":true,"href":"https:\/\/pomme-d-amap.org\/index.php\/wp-json\/wp\/v2\/tags?post=802"}],"curies":[{"name":"wp","href":"https:\/\/api.w.org\/{rel}","templated":true}]}}