{"id":805,"date":"2018-10-30T09:44:13","date_gmt":"2018-10-30T08:44:13","guid":{"rendered":"http:\/\/pomme-d-amap.org\/?p=805"},"modified":"2018-10-30T09:44:13","modified_gmt":"2018-10-30T08:44:13","slug":"distribution-du-30-10-18","status":"publish","type":"post","link":"https:\/\/pomme-d-amap.org\/index.php\/2018\/10\/30\/distribution-du-30-10-18\/","title":{"rendered":"Distribution du 30\/10\/18"},"content":{"rendered":"<p>Salut \u00e0 tous,<\/p>\n<div>Ah, le beau dimanche ! Sous un froid et un vent glacial et avant l&rsquo;arriv\u00e9e de la pluie, nous avons, avec l&rsquo;aide d&rsquo;une vingtaine d&rsquo;amapiens et d&rsquo;une bonne bouteille de vieille prune,\u00a0 explos\u00e9 les 12,5 planches de carottes restantes et tout rentr\u00e9 au frigo pour l&rsquo;hiver ! Les ann\u00e9es se suivent et ne se ressemblent pas&#8230; Bravo \u00e0 tous les courageux qui ont brav\u00e9 les conditions difficiles !<\/div>\n<div>Nous continuons \u00e0 rentrer le reste des racines et les betteraves ont pris un bon coup hier \u00e9galement. Si le c\u0153ur vous en dit, je serai \u00e0 la ferme<b> jeudi 1er novembre<\/b> pour ceux qui ne bossent pas et veulent venir s&rsquo;a\u00e9rer. Au menu: vidage et nettoyage du bi-tunnel, arrachage des pieds de tomates et d&rsquo;aubergines, pliage des b\u00e2ches et rangements des fils \u00e0 tomates&#8230;<\/div>\n<div>Pour le reste, nous avons plant\u00e9 en serre m\u00e2che, \u00e9pinards et oignons blancs et continu\u00e9 le rangement de la parcelle.<\/div>\n<div>Voici votre panier :<\/div>\n<div><\/div>\n<div>&#8211; Carottes 1,2 kg \/ 600 g<\/div>\n<div>&#8211; Courge 2 kg \/ 1 kg<\/div>\n<div>&#8211; Betteraves 800 g \/ 400 g<\/div>\n<div>&#8211; Choux chinois pak-cho\u00ef ( quantit\u00e9 \u00e0 r\u00e9partir)<\/div>\n<div>&#8211; OIgnons doux ou simiane 500 g \/ 250 g<\/div>\n<div>&#8211; Epinards (quantit\u00e9 selon r\u00e9colte)<\/div>\n<div>&#8211; Roquette -quantit\u00e9 seon r\u00e9colte)<\/div>\n<div>&#8211; Piments 2\/1<\/div>\n<div><\/div>\n<div>Voil\u00e0, bonne journ\u00e9e et \u00e0 ce soir !<\/div>\n<div><\/div>\n<div>Marc<\/div>\n","protected":false},"excerpt":{"rendered":"<p>Salut \u00e0 tous, Ah, le beau dimanche ! Sous un froid et un vent glacial et avant l&rsquo;arriv\u00e9e de la pluie, nous avons, avec l&rsquo;aide d&rsquo;une vingtaine d&rsquo;amapiens et d&rsquo;une bonne bouteille de vieille prune,\u00a0 explos\u00e9 les 12,5 planches de carottes restantes et tout rentr\u00e9 au frigo pour l&rsquo;hiver ! Les ann\u00e9es se suivent et &hellip; <a href=\"https:\/\/pomme-d-amap.org\/index.php\/2018\/10\/30\/distribution-du-30-10-18\/\" class=\"more-link\">Continuer la lecture de <span class=\"screen-reader-text\">Distribution du 30\/10\/18<\/span>  <span class=\"meta-nav\">&rarr;<\/span><\/a><\/p>\n","protected":false},"author":1,"featured_media":0,"comment_status":"closed","ping_status":"closed","sticky":false,"template":"","format":"standard","meta":{"footnotes":""},"categories":[11],"tags":[],"class_list":["post-805","post","type-post","status-publish","format-standard","hentry","category-distributions"],"_links":{"self":[{"href":"https:\/\/pomme-d-amap.org\/index.php\/wp-json\/wp\/v2\/posts\/805","targetHints":{"allow":["GET"]}}],"collection":[{"href":"https:\/\/pomme-d-amap.org\/index.php\/wp-json\/wp\/v2\/posts"}],"about":[{"href":"https:\/\/pomme-d-amap.org\/index.php\/wp-json\/wp\/v2\/types\/post"}],"author":[{"embeddable":true,"href":"https:\/\/pomme-d-amap.org\/index.php\/wp-json\/wp\/v2\/users\/1"}],"replies":[{"embeddable":true,"href":"https:\/\/pomme-d-amap.org\/index.php\/wp-json\/wp\/v2\/comments?post=805"}],"version-history":[{"count":1,"href":"https:\/\/pomme-d-amap.org\/index.php\/wp-json\/wp\/v2\/posts\/805\/revisions"}],"predecessor-version":[{"id":806,"href":"https:\/\/pomme-d-amap.org\/index.php\/wp-json\/wp\/v2\/posts\/805\/revisions\/806"}],"wp:attachment":[{"href":"https:\/\/pomme-d-amap.org\/index.php\/wp-json\/wp\/v2\/media?parent=805"}],"wp:term":[{"taxonomy":"category","embeddable":true,"href":"https:\/\/pomme-d-amap.org\/index.php\/wp-json\/wp\/v2\/categories?post=805"},{"taxonomy":"post_tag","embeddable":true,"href":"https:\/\/pomme-d-amap.org\/index.php\/wp-json\/wp\/v2\/tags?post=805"}],"curies":[{"name":"wp","href":"https:\/\/api.w.org\/{rel}","templated":true}]}}