{"id":807,"date":"2018-11-06T09:44:31","date_gmt":"2018-11-06T08:44:31","guid":{"rendered":"http:\/\/pomme-d-amap.org\/?p=807"},"modified":"2018-11-06T09:44:31","modified_gmt":"2018-11-06T08:44:31","slug":"distribution-du-6-11-18","status":"publish","type":"post","link":"https:\/\/pomme-d-amap.org\/index.php\/2018\/11\/06\/distribution-du-6-11-18\/","title":{"rendered":"Distribution du 6\/11\/18"},"content":{"rendered":"<p>Salut \u00e0 tous,<\/p>\n<div>Pas vraiment de stress cette semaine, le duo pommes de terre \/ carottes d\u00e9finitivement dans les frigo, j&rsquo;en ai profit\u00e9 pour prendre un vrai week-end complet sans trop de soucis ! Bon, le boulot continue, on a rentr\u00e9 des betteraves, des radis raves, des navets, des choux cabus et il faut continuer \u00e0 pr\u00e9parer les futures plantations. Le point d&rsquo;orgue de la semaine aura \u00e9t\u00e9 jeudi o\u00f9 nous \u00e9tions 8 pour vider le bi-tunnel de ses tomates et de ses aubergines, fils rang\u00e9s, b\u00e2ches pli\u00e9es! Du beau boulot, il n&rsquo;y a plus qu&rsquo;\u00e0 tout retravailler dans les jours \u00e0 venir&#8230;<\/div>\n<div>Sur le front du panier, je vous donne des indications mais rien n&rsquo;a \u00e9t\u00e9 compl\u00e8tement d\u00e9cid\u00e9. A priori, il comportera :<\/div>\n<div><\/div>\n<div>&#8211; Pommes de terre 1,5 kg \/ 750 g<\/div>\n<div>&#8211; Carottes 1,2 kg \/ 600 g<\/div>\n<div>&#8211; Oignons doux 500 g \/ 250 g<\/div>\n<div>&#8211; Radis green meat 500 g \/ 250 g<\/div>\n<div>&#8211; Poivrons (quantit\u00e9 \u00e0 d\u00e9finir)<\/div>\n<div>&#8211; C\u00e9leri branche 1 pied \/ 1\/2 pied<\/div>\n<div>&#8211; Chicor\u00e9e ou m\u00e2che (selon r\u00e9colte)<\/div>\n<div>&#8211; Tomates vertes ( \u00e0 peser &#8211; <i>je vous rappelle que les tomates vertes peuvent se cuisiner en confiture ou en chutney et se pr\u00e9sentent dans vos paniers \u00e0 la fin de chaque saison<\/i>)<\/div>\n<div><\/div>\n<div>Voil\u00e0, bonne journ\u00e9e et \u00e0 ce soir !<\/div>\n<div><\/div>\n<div>Marc<\/div>\n","protected":false},"excerpt":{"rendered":"<p>Salut \u00e0 tous, Pas vraiment de stress cette semaine, le duo pommes de terre \/ carottes d\u00e9finitivement dans les frigo, j&rsquo;en ai profit\u00e9 pour prendre un vrai week-end complet sans trop de soucis ! Bon, le boulot continue, on a rentr\u00e9 des betteraves, des radis raves, des navets, des choux cabus et il faut continuer &hellip; <a href=\"https:\/\/pomme-d-amap.org\/index.php\/2018\/11\/06\/distribution-du-6-11-18\/\" class=\"more-link\">Continuer la lecture de <span class=\"screen-reader-text\">Distribution du 6\/11\/18<\/span>  <span class=\"meta-nav\">&rarr;<\/span><\/a><\/p>\n","protected":false},"author":1,"featured_media":0,"comment_status":"closed","ping_status":"closed","sticky":false,"template":"","format":"standard","meta":{"footnotes":""},"categories":[11],"tags":[],"class_list":["post-807","post","type-post","status-publish","format-standard","hentry","category-distributions"],"_links":{"self":[{"href":"https:\/\/pomme-d-amap.org\/index.php\/wp-json\/wp\/v2\/posts\/807","targetHints":{"allow":["GET"]}}],"collection":[{"href":"https:\/\/pomme-d-amap.org\/index.php\/wp-json\/wp\/v2\/posts"}],"about":[{"href":"https:\/\/pomme-d-amap.org\/index.php\/wp-json\/wp\/v2\/types\/post"}],"author":[{"embeddable":true,"href":"https:\/\/pomme-d-amap.org\/index.php\/wp-json\/wp\/v2\/users\/1"}],"replies":[{"embeddable":true,"href":"https:\/\/pomme-d-amap.org\/index.php\/wp-json\/wp\/v2\/comments?post=807"}],"version-history":[{"count":1,"href":"https:\/\/pomme-d-amap.org\/index.php\/wp-json\/wp\/v2\/posts\/807\/revisions"}],"predecessor-version":[{"id":808,"href":"https:\/\/pomme-d-amap.org\/index.php\/wp-json\/wp\/v2\/posts\/807\/revisions\/808"}],"wp:attachment":[{"href":"https:\/\/pomme-d-amap.org\/index.php\/wp-json\/wp\/v2\/media?parent=807"}],"wp:term":[{"taxonomy":"category","embeddable":true,"href":"https:\/\/pomme-d-amap.org\/index.php\/wp-json\/wp\/v2\/categories?post=807"},{"taxonomy":"post_tag","embeddable":true,"href":"https:\/\/pomme-d-amap.org\/index.php\/wp-json\/wp\/v2\/tags?post=807"}],"curies":[{"name":"wp","href":"https:\/\/api.w.org\/{rel}","templated":true}]}}