{"id":810,"date":"2018-11-13T09:26:56","date_gmt":"2018-11-13T08:26:56","guid":{"rendered":"http:\/\/pomme-d-amap.org\/?p=810"},"modified":"2018-11-13T09:26:56","modified_gmt":"2018-11-13T08:26:56","slug":"distribution-du-13-11-18","status":"publish","type":"post","link":"https:\/\/pomme-d-amap.org\/index.php\/2018\/11\/13\/distribution-du-13-11-18\/","title":{"rendered":"Distribution du 13\/11\/18"},"content":{"rendered":"<div id=\":1qt\" class=\"a3s aXjCH \" tabindex=\"-1\" role=\"gridcell\">\n<div dir=\"ltr\">Salut \u00e0 tous,<\/p>\n<div><\/div>\n<div>La pluie a enfin fait son retour, et m\u00eame si, comme d&rsquo;habitude, elle am\u00e8ne avec elle son cort\u00e8ge d&rsquo;insatisfactions, d&rsquo;humidit\u00e9, de boue et de glissades, elle \u00e9tait quand m\u00eame globalement bienvenue, pour nos sols comme pour nos nappes phr\u00e9atiques&#8230; Bon, on va vers une dizaine de jours secs mais c&rsquo;est toujours \u00e7a de pris. On en profitera pour continuer \u00e0 rentrer les racines dans de bonnes conditions. Nous avons continu\u00e9 \u00e0 mettre au frigo navets et radis raves, rentr\u00e9 des choux cabus aussi mais il reste encore du boulot. Cette semaine, nous avons plant\u00e9 une nouvelle s\u00e9rie de m\u00e2che ainsi que des choux fleurs sous abri et commenc\u00e9 l&rsquo;arrachage des pieds de poivrons et de haricots apr\u00e8s les derni\u00e8res r\u00e9coltes. Le sol a \u00e9t\u00e9 travaill\u00e9 avant la pluie et les b\u00e2ches pos\u00e9es pour accueillir l&rsquo;ail qui garnira vos paniers l&rsquo;\u00e9t\u00e9 et l&rsquo;automne prochain; nous ferons \u00e7a dans les jours \u00e0 venir.<\/div>\n<div>Voici votre panier, pour accompagner pommes et poulets :<\/div>\n<div><\/div>\n<div>&#8211; Pommes de terre 1,5 kg \/ 750 g<\/div>\n<div>&#8211; Carottes 1,2 kg \/ 600 g<\/div>\n<div>&#8211; Oignons jaunes 500 g \/ 250 g<\/div>\n<div>&#8211; Ail 2\/1<\/div>\n<div>&#8211; Haricots verts (\u00e0 peser)<\/div>\n<div>&#8211; Choux romanesco ou kale (\u00e0 r\u00e9partir et peser)<\/div>\n<div>&#8211; Laitues 2\/1<\/div>\n<div>&#8211; Persil 1 botte\/1<\/div>\n<div><\/div>\n<div>Voil\u00e0, bonne journ\u00e9e et \u00e0 ce soir !<\/div>\n<div><\/div>\n<div>Marc<\/div>\n<\/div>\n<\/div>\n","protected":false},"excerpt":{"rendered":"<p>Salut \u00e0 tous, La pluie a enfin fait son retour, et m\u00eame si, comme d&rsquo;habitude, elle am\u00e8ne avec elle son cort\u00e8ge d&rsquo;insatisfactions, d&rsquo;humidit\u00e9, de boue et de glissades, elle \u00e9tait quand m\u00eame globalement bienvenue, pour nos sols comme pour nos nappes phr\u00e9atiques&#8230; Bon, on va vers une dizaine de jours secs mais c&rsquo;est toujours \u00e7a &hellip; <a href=\"https:\/\/pomme-d-amap.org\/index.php\/2018\/11\/13\/distribution-du-13-11-18\/\" class=\"more-link\">Continuer la lecture de <span class=\"screen-reader-text\">Distribution du 13\/11\/18<\/span>  <span class=\"meta-nav\">&rarr;<\/span><\/a><\/p>\n","protected":false},"author":1,"featured_media":0,"comment_status":"closed","ping_status":"closed","sticky":false,"template":"","format":"standard","meta":{"footnotes":""},"categories":[11],"tags":[],"class_list":["post-810","post","type-post","status-publish","format-standard","hentry","category-distributions"],"_links":{"self":[{"href":"https:\/\/pomme-d-amap.org\/index.php\/wp-json\/wp\/v2\/posts\/810","targetHints":{"allow":["GET"]}}],"collection":[{"href":"https:\/\/pomme-d-amap.org\/index.php\/wp-json\/wp\/v2\/posts"}],"about":[{"href":"https:\/\/pomme-d-amap.org\/index.php\/wp-json\/wp\/v2\/types\/post"}],"author":[{"embeddable":true,"href":"https:\/\/pomme-d-amap.org\/index.php\/wp-json\/wp\/v2\/users\/1"}],"replies":[{"embeddable":true,"href":"https:\/\/pomme-d-amap.org\/index.php\/wp-json\/wp\/v2\/comments?post=810"}],"version-history":[{"count":1,"href":"https:\/\/pomme-d-amap.org\/index.php\/wp-json\/wp\/v2\/posts\/810\/revisions"}],"predecessor-version":[{"id":811,"href":"https:\/\/pomme-d-amap.org\/index.php\/wp-json\/wp\/v2\/posts\/810\/revisions\/811"}],"wp:attachment":[{"href":"https:\/\/pomme-d-amap.org\/index.php\/wp-json\/wp\/v2\/media?parent=810"}],"wp:term":[{"taxonomy":"category","embeddable":true,"href":"https:\/\/pomme-d-amap.org\/index.php\/wp-json\/wp\/v2\/categories?post=810"},{"taxonomy":"post_tag","embeddable":true,"href":"https:\/\/pomme-d-amap.org\/index.php\/wp-json\/wp\/v2\/tags?post=810"}],"curies":[{"name":"wp","href":"https:\/\/api.w.org\/{rel}","templated":true}]}}