{"id":825,"date":"2018-12-11T09:49:30","date_gmt":"2018-12-11T08:49:30","guid":{"rendered":"http:\/\/pomme-d-amap.org\/?p=825"},"modified":"2018-12-11T09:49:30","modified_gmt":"2018-12-11T08:49:30","slug":"distribution-du-11-12-18","status":"publish","type":"post","link":"https:\/\/pomme-d-amap.org\/index.php\/2018\/12\/11\/distribution-du-11-12-18\/","title":{"rendered":"Distribution du 11\/12\/18"},"content":{"rendered":"<p>Salut \u00e0 tous,<\/p>\n<p>Avec l&rsquo;approche des f\u00eates, le temps pass\u00e9 dans les champs se r\u00e9duit (notamment quand il pleut sans discontinuer&#8230;) et les t\u00e2ches administratives r\u00e9currentes reviennent meubler les journ\u00e9es monotones (!) du mara\u00eecher: compta, assolement, pr\u00e9visionnel, commandes, formations, gestion des renouvellements&#8230; les friandises se succ\u00e8dent ! Malheureusement, le boulot ne s&rsquo;arr\u00eate jamais vraiment et nous avons profit\u00e9 de la semaine pour r\u00e9colter encore quelques c\u00e9leris et radis noirs, fini de pr\u00e9parer le sol et sem\u00e9 une partie des carottes en serre et ranger totalement le hangar o\u00f9 le futur local \/ bureau va \u00eatre construit.<br \/>\nComme vous l&rsquo;avez vu lors des diff\u00e9rents \u00e9changes de mail, ce soir, c&rsquo;est soir\u00e9e disco \u00e0 l&rsquo;amap, alors pensez \u00e0 vos cabas, balances et ch\u00e9quiers! Concernant les renouvellements des contrats, je vous rappelle que c&rsquo;est ce soir et mardi prochain, apr\u00e8s, c&rsquo;est la coupure!<br \/>\nVoici le panier indicatif (j&rsquo;\u00e9tais dans ma compta hier, je m&rsquo;en occupe ce matin&#8230;)<\/p>\n<p>&#8211; Pommes de terre 1,5 kg \/ 750 g<br \/>\n&#8211; Carottes 1,2 kg \/ 600 g<br \/>\n&#8211; Oignons jaunes 500 g \/ 250 g<br \/>\n&#8211; Radis noirs 500 g \/ 250 g<br \/>\n&#8211; C\u00e9leri branche (quantit\u00e9 selon r\u00e9colte)<br \/>\n&#8211; M\u00e2che (quantit\u00e9 selon r\u00e9colte)<br \/>\n&#8211; Ail 2\/1<\/p>\n<p>Voil\u00e0, bonne journ\u00e9e et \u00e0 ce soir !<\/p>\n<p>Marc<\/p>\n","protected":false},"excerpt":{"rendered":"<p>Salut \u00e0 tous, Avec l&rsquo;approche des f\u00eates, le temps pass\u00e9 dans les champs se r\u00e9duit (notamment quand il pleut sans discontinuer&#8230;) et les t\u00e2ches administratives r\u00e9currentes reviennent meubler les journ\u00e9es monotones (!) du mara\u00eecher: compta, assolement, pr\u00e9visionnel, commandes, formations, gestion des renouvellements&#8230; les friandises se succ\u00e8dent ! Malheureusement, le boulot ne s&rsquo;arr\u00eate jamais vraiment et &hellip; <a href=\"https:\/\/pomme-d-amap.org\/index.php\/2018\/12\/11\/distribution-du-11-12-18\/\" class=\"more-link\">Continuer la lecture de <span class=\"screen-reader-text\">Distribution du 11\/12\/18<\/span>  <span class=\"meta-nav\">&rarr;<\/span><\/a><\/p>\n","protected":false},"author":1,"featured_media":0,"comment_status":"closed","ping_status":"closed","sticky":false,"template":"","format":"standard","meta":{"footnotes":""},"categories":[11],"tags":[],"class_list":["post-825","post","type-post","status-publish","format-standard","hentry","category-distributions"],"_links":{"self":[{"href":"https:\/\/pomme-d-amap.org\/index.php\/wp-json\/wp\/v2\/posts\/825","targetHints":{"allow":["GET"]}}],"collection":[{"href":"https:\/\/pomme-d-amap.org\/index.php\/wp-json\/wp\/v2\/posts"}],"about":[{"href":"https:\/\/pomme-d-amap.org\/index.php\/wp-json\/wp\/v2\/types\/post"}],"author":[{"embeddable":true,"href":"https:\/\/pomme-d-amap.org\/index.php\/wp-json\/wp\/v2\/users\/1"}],"replies":[{"embeddable":true,"href":"https:\/\/pomme-d-amap.org\/index.php\/wp-json\/wp\/v2\/comments?post=825"}],"version-history":[{"count":1,"href":"https:\/\/pomme-d-amap.org\/index.php\/wp-json\/wp\/v2\/posts\/825\/revisions"}],"predecessor-version":[{"id":826,"href":"https:\/\/pomme-d-amap.org\/index.php\/wp-json\/wp\/v2\/posts\/825\/revisions\/826"}],"wp:attachment":[{"href":"https:\/\/pomme-d-amap.org\/index.php\/wp-json\/wp\/v2\/media?parent=825"}],"wp:term":[{"taxonomy":"category","embeddable":true,"href":"https:\/\/pomme-d-amap.org\/index.php\/wp-json\/wp\/v2\/categories?post=825"},{"taxonomy":"post_tag","embeddable":true,"href":"https:\/\/pomme-d-amap.org\/index.php\/wp-json\/wp\/v2\/tags?post=825"}],"curies":[{"name":"wp","href":"https:\/\/api.w.org\/{rel}","templated":true}]}}