{"id":853,"date":"2019-01-08T10:07:16","date_gmt":"2019-01-08T09:07:16","guid":{"rendered":"http:\/\/pomme-d-amap.org\/?p=853"},"modified":"2019-01-08T10:07:16","modified_gmt":"2019-01-08T09:07:16","slug":"distribution-du-8-01-19","status":"publish","type":"post","link":"https:\/\/pomme-d-amap.org\/index.php\/2019\/01\/08\/distribution-du-8-01-19\/","title":{"rendered":"Distribution du 8\/01\/19"},"content":{"rendered":"<div id=\":1mo\" class=\"a3s aXjCH \">\n<div dir=\"ltr\">Salut \u00e0 tous,<\/p>\n<div><\/div>\n<div>Tout d&rsquo;abord, je vous souhaite \u00e0 vous ainsi qu&rsquo;\u00e0 vos proches une excellente ann\u00e9e 2019, pleine de bonheur, de r\u00e9ussite, de sant\u00e9, de prosp\u00e9rit\u00e9, de justice climatique et sociale. Comme d&rsquo;habitude, la petite coupure de fin d&rsquo;ann\u00e9e a fait du bien, m\u00eame si les exc\u00e8s en tous genres ont besoin d\u2019\u00eatre \u00e9vacu\u00e9s ! Rien de tel que de bons travaux des champs d&rsquo;hiver pour requinquer et d\u00e9rouiller les mara\u00eechers vieillissants (!). Bon, la p\u00e9riode n&rsquo;est pas encore propice aux grands chantiers de plein air mais mine de rien, on va rentrer progressivement vers la pr\u00e9paration de la saison en ext\u00e9rieur et les plantations de fin d&rsquo;hiver et de d\u00e9but de printemps sous abri vont s&rsquo;intensifier. Ce d\u00e9but d\u2019ann\u00e9e voit \u00e9galement l&rsquo;entr\u00e9e officielle de Lucile en couveuse et donc l&rsquo;accueil d&rsquo;une nouvelle Amap \u00e0 partir de mai. Tous les d\u00e9tails vous seront donn\u00e9s dans les semaines qui viennent. Comme \u00e9voqu\u00e9 lors de l&rsquo;AG, en novembre, l&rsquo;accueil d&rsquo;un(e) couv\u00e9(e) implique moins de flexibilit\u00e9 en terme d&rsquo;acceptation de contrats suppl\u00e9mentaires en cours de route et il est possible que l&rsquo;on soit rapidement au complet. A Ivry, nous recommen\u00e7ons l&rsquo;ann\u00e9e \u00e0 49 parts de r\u00e9colte (53,5 fin d\u00e9cembre), 66 parts entre Paris et Ivry (76 en d\u00e9cembre), ce qui est plus que correct. Concernant le contenu des paniers, je vous demande comme d&rsquo;habitude toute votre indulgence pendant les mois d&rsquo;hiver restants, surtout que l&rsquo;on ne peut pas compter sur les poireaux cette ann\u00e9e et que la conservation des courges est moins bonne que l&rsquo;ann\u00e9e derni\u00e8re. Je t\u00e2cherai d&rsquo;\u00e9quilibrer au maximum le contenu jusqu&rsquo;au printemps. Pas de panique non plus, il y a des l\u00e9gumes dans le frigo et les serres se remplissent ! Il me reste \u00e0 souhaiter la bienvenue \u00e0 ceux qui nous rejoignent pour la premi\u00e8re fois cette ann\u00e9e et \u00e0 rappeler \u00e0 ceux qui sont enregistr\u00e9s mais qui n&rsquo;ont pas encore apport\u00e9 leur contrat et\/ou leurs ch\u00e8ques de ne pas les oublier ce soir afin que je puisse effectuer le d\u00e9p\u00f4t du mois de janvier dans les jours qui viennent !<\/div>\n<div>Voici le panier du jour :<\/div>\n<div><\/div>\n<div>&#8211; Pommes de terre 1,5 kg \/ 750 g<\/div>\n<div>&#8211; Carottes 1,2 kg \/ 600 g<\/div>\n<div>&#8211; Oignons jaunes 500 g \/ 250 g<\/div>\n<div>&#8211; Radis raves 600 g \/ 300 g<\/div>\n<div>&#8211; Choux de Bruxelles 800 g environ \/ 400 g<\/div>\n<div>&#8211; Pourpier (quantit\u00e9 selon r\u00e9colte)<\/div>\n<div>&#8211; Cresson (quantit\u00e9 selon r\u00e9colte)<\/div>\n<div><\/div>\n<div>Voil\u00e0, bonne journ\u00e9e et \u00e0 ce soir !<\/div>\n<div><\/div>\n<div>Marc<\/div>\n<\/div>\n<\/div>\n","protected":false},"excerpt":{"rendered":"<p>Salut \u00e0 tous, Tout d&rsquo;abord, je vous souhaite \u00e0 vous ainsi qu&rsquo;\u00e0 vos proches une excellente ann\u00e9e 2019, pleine de bonheur, de r\u00e9ussite, de sant\u00e9, de prosp\u00e9rit\u00e9, de justice climatique et sociale. Comme d&rsquo;habitude, la petite coupure de fin d&rsquo;ann\u00e9e a fait du bien, m\u00eame si les exc\u00e8s en tous genres ont besoin d\u2019\u00eatre \u00e9vacu\u00e9s &hellip; <a href=\"https:\/\/pomme-d-amap.org\/index.php\/2019\/01\/08\/distribution-du-8-01-19\/\" class=\"more-link\">Continuer la lecture de <span class=\"screen-reader-text\">Distribution du 8\/01\/19<\/span>  <span class=\"meta-nav\">&rarr;<\/span><\/a><\/p>\n","protected":false},"author":1,"featured_media":0,"comment_status":"closed","ping_status":"closed","sticky":false,"template":"","format":"standard","meta":{"footnotes":""},"categories":[11],"tags":[],"class_list":["post-853","post","type-post","status-publish","format-standard","hentry","category-distributions"],"_links":{"self":[{"href":"https:\/\/pomme-d-amap.org\/index.php\/wp-json\/wp\/v2\/posts\/853","targetHints":{"allow":["GET"]}}],"collection":[{"href":"https:\/\/pomme-d-amap.org\/index.php\/wp-json\/wp\/v2\/posts"}],"about":[{"href":"https:\/\/pomme-d-amap.org\/index.php\/wp-json\/wp\/v2\/types\/post"}],"author":[{"embeddable":true,"href":"https:\/\/pomme-d-amap.org\/index.php\/wp-json\/wp\/v2\/users\/1"}],"replies":[{"embeddable":true,"href":"https:\/\/pomme-d-amap.org\/index.php\/wp-json\/wp\/v2\/comments?post=853"}],"version-history":[{"count":1,"href":"https:\/\/pomme-d-amap.org\/index.php\/wp-json\/wp\/v2\/posts\/853\/revisions"}],"predecessor-version":[{"id":854,"href":"https:\/\/pomme-d-amap.org\/index.php\/wp-json\/wp\/v2\/posts\/853\/revisions\/854"}],"wp:attachment":[{"href":"https:\/\/pomme-d-amap.org\/index.php\/wp-json\/wp\/v2\/media?parent=853"}],"wp:term":[{"taxonomy":"category","embeddable":true,"href":"https:\/\/pomme-d-amap.org\/index.php\/wp-json\/wp\/v2\/categories?post=853"},{"taxonomy":"post_tag","embeddable":true,"href":"https:\/\/pomme-d-amap.org\/index.php\/wp-json\/wp\/v2\/tags?post=853"}],"curies":[{"name":"wp","href":"https:\/\/api.w.org\/{rel}","templated":true}]}}